{"id":22654,"date":"2019-06-14T14:10:13","date_gmt":"2019-06-14T17:10:13","guid":{"rendered":"http:\/\/sol.fm.br\/radio\/?p=22654"},"modified":"2019-06-14T14:10:13","modified_gmt":"2019-06-14T17:10:13","slug":"fiscalizacao-ambiental-flagrou-eliminacao-de-vegetacao-nativa-criminosa-em-area-de-preservacao-permanente","status":"publish","type":"post","link":"http:\/\/sol.fm.br\/radio\/fiscalizacao-ambiental-flagrou-eliminacao-de-vegetacao-nativa-criminosa-em-area-de-preservacao-permanente\/","title":{"rendered":"Fiscaliza\u00e7\u00e3o Ambiental flagrou Elimina\u00e7\u00e3o de Vegeta\u00e7\u00e3o Nativa criminosa em \u00c1rea de Preserva\u00e7\u00e3o Permanente"},"content":{"rendered":"<div id=\"dslc-theme-content\"><div id=\"dslc-theme-content-inner\"><p><em>Atividade notificou os respons\u00e1veis pela infra\u00e7\u00e3o<\/em><\/p>\n<p>Na semana passada, em \u00e1rea rural, na localidade de areia branca foi flagrada pela equipe de fiscaliza\u00e7\u00e3o Ambiental, a interven\u00e7\u00e3o em \u00e1rea de Preserva\u00e7\u00e3o Permanente, onde passam dois c\u00f3rregos naturais contidos em canais de drenagem, sendo afetada uma \u00e1rea de 5.173 m\u00b2.<\/p>\n<p>Na oportunidade foi identificada uma grande movimenta\u00e7\u00e3o de terras em toda \u00e1rea, que possu\u00eda ra\u00edzes de vegeta\u00e7\u00e3o arb\u00f3reas expostas, por\u00e9m por meio de imagens de sat\u00e9lite constatou-se que naquela \u00e1rea, havia a exist\u00eancia de movimenta\u00e7\u00e3o das terras em uma \u00e1rea de 8.593m\u00b2, sendo que destas 4.020m\u00b2 em \u00e1rea de preserva\u00e7\u00e3o permanente (c\u00f3rregos naturais).<\/p>\n<h6><strong>Assessoria de Imprensa | Secretaria de Comunica\u00e7\u00e3o<\/strong><\/h6>\n<p><center><iframe loading=\"lazy\" src=\"https:\/\/player.jmvstream.com\/fHPLBpjjf9XKtUAcityAS4ACnPNQ72\" allowfullscreen allow=\"autoplay; fullscreen\" frameborder=\"0\" width=\"640\" height=\"360\"><\/iframe><\/center><\/p>\n<\/div><\/div>","protected":false},"excerpt":{"rendered":"<p>Atividade notificou os respons\u00e1veis pela infra\u00e7\u00e3o Na semana passada, em \u00e1rea rural, na localidade de areia branca foi flagrada pela equipe de fiscaliza\u00e7\u00e3o Ambiental, a interven\u00e7\u00e3o em \u00e1rea de Preserva\u00e7\u00e3o Permanente, onde passam dois c\u00f3rregos naturais contidos em canais de drenagem, sendo afetada uma \u00e1rea de 5.173 m\u00b2. Na oportunidade foi identificada uma grande movimenta\u00e7\u00e3o [&hellip;]<\/p>\n","protected":false},"author":4,"featured_media":22655,"comment_status":"open","ping_status":"open","sticky":false,"template":"","format":"standard","meta":{"footnotes":""},"categories":[1],"tags":[],"class_list":["post-22654","post","type-post","status-publish","format-standard","has-post-thumbnail","hentry","category-sem-categoria"],"_links":{"self":[{"href":"http:\/\/sol.fm.br\/radio\/wp-json\/wp\/v2\/posts\/22654","targetHints":{"allow":["GET"]}}],"collection":[{"href":"http:\/\/sol.fm.br\/radio\/wp-json\/wp\/v2\/posts"}],"about":[{"href":"http:\/\/sol.fm.br\/radio\/wp-json\/wp\/v2\/types\/post"}],"author":[{"embeddable":true,"href":"http:\/\/sol.fm.br\/radio\/wp-json\/wp\/v2\/users\/4"}],"replies":[{"embeddable":true,"href":"http:\/\/sol.fm.br\/radio\/wp-json\/wp\/v2\/comments?post=22654"}],"version-history":[{"count":1,"href":"http:\/\/sol.fm.br\/radio\/wp-json\/wp\/v2\/posts\/22654\/revisions"}],"predecessor-version":[{"id":22656,"href":"http:\/\/sol.fm.br\/radio\/wp-json\/wp\/v2\/posts\/22654\/revisions\/22656"}],"wp:featuredmedia":[{"embeddable":true,"href":"http:\/\/sol.fm.br\/radio\/wp-json\/wp\/v2\/media\/22655"}],"wp:attachment":[{"href":"http:\/\/sol.fm.br\/radio\/wp-json\/wp\/v2\/media?parent=22654"}],"wp:term":[{"taxonomy":"category","embeddable":true,"href":"http:\/\/sol.fm.br\/radio\/wp-json\/wp\/v2\/categories?post=22654"},{"taxonomy":"post_tag","embeddable":true,"href":"http:\/\/sol.fm.br\/radio\/wp-json\/wp\/v2\/tags?post=22654"}],"curies":[{"name":"wp","href":"https:\/\/api.w.org\/{rel}","templated":true}]}}