{"id":22941,"date":"2019-06-26T09:59:18","date_gmt":"2019-06-26T12:59:18","guid":{"rendered":"http:\/\/sol.fm.br\/radio\/?p=22941"},"modified":"2019-06-26T09:59:18","modified_gmt":"2019-06-26T12:59:18","slug":"atriz-dira-paes-dispara-me-reinvento-rejuvenesco-muito","status":"publish","type":"post","link":"http:\/\/sol.fm.br\/radio\/atriz-dira-paes-dispara-me-reinvento-rejuvenesco-muito\/","title":{"rendered":"Atriz Dira Paes dispara: \u201cMe reinvento, rejuvenes\u00e7o muito\u201d"},"content":{"rendered":"<div id=\"dslc-theme-content\"><div id=\"dslc-theme-content-inner\"><p>A atriz Dira Paes n\u00e3o s\u00f3 se destaca pela sua atua\u00e7\u00e3o na novela das sete, como tamb\u00e9m estar\u00e1 em cartaz com o filme \u2018Divino Amor\u2019. Em entrevista concedida ao site UOL, na pr\u00e9-estreia do longa, ela fez uma an\u00e1lise.<\/p>\n<p>\u201cCada trabalho que me tira da zona de conforto reanima em mim um frescor art\u00edstico. Me reinvento. Se colocar \u00e0 prova rejuvenesce muito, principalmente quando voc\u00ea tem \u00eaxito e aquilo d\u00e1 uma certeza que voc\u00ea fez a op\u00e7\u00e3o certa\u201d, declarou. Com seus 50 anos, e ostentando um corpo chapado de dar inveja a qualquer um, Dira realizou uma an\u00e1lise sobre sua rela\u00e7\u00e3o de maternidade com os filhos, Ben\u00edcio e Martin, de 11 e 3 anos, respectivamente.<\/p>\n<p>\u201cMeus dois filhos me trouxeram muito vigor. Afinal de contas eles ainda s\u00e3o crian\u00e7as e n\u00e3o me imaginava vivendo a maternidade nesse momento\u201d, avaliou. Sobre o seu papel no filme em que \u00e9 a protagonista, a atriz vive uma escriv\u00e3 de cart\u00f3rio, e fez uma an\u00e1lise acerca do tema proposto pela produ\u00e7\u00e3o, tido como atual nos dias de hoje comparado a \u00e9poca da grava\u00e7\u00e3o, no final de 2017.<\/p>\n<p>\u201cO fundamentalismo religioso hoje faz uma pauta ampla, pol\u00edtica, social, comportamental e o filme nesse sentido traz muitas discuss\u00f5es\u201d, analisou. Para ela, a personagem e a hist\u00f3ria trazem reflex\u00e3o. \u201cLeva a uma reflex\u00e3o profunda dessas fronteiras. O filme dialoga com um futuro muito pr\u00f3ximo que talvez a gente j\u00e1 esteja vivendo\u201d, concluiu.<\/p>\n<h6><strong>Foto: Instagram<\/strong><\/h6>\n<p><center><iframe loading=\"lazy\" src=\"https:\/\/player.jmvstream.com\/fHPLBpjjf9XKtUAcityAS4ACnPNQ72\" allowfullscreen allow=\"autoplay; fullscreen\" frameborder=\"0\" width=\"640\" height=\"360\"><\/iframe><\/center><\/p>\n<\/div><\/div>","protected":false},"excerpt":{"rendered":"<p>A atriz Dira Paes n\u00e3o s\u00f3 se destaca pela sua atua\u00e7\u00e3o na novela das sete, como tamb\u00e9m estar\u00e1 em cartaz com o filme \u2018Divino Amor\u2019. Em entrevista concedida ao site UOL, na pr\u00e9-estreia do longa, ela fez uma an\u00e1lise. \u201cCada trabalho que me tira da zona de conforto reanima em mim um frescor art\u00edstico. Me [&hellip;]<\/p>\n","protected":false},"author":4,"featured_media":22942,"comment_status":"open","ping_status":"open","sticky":false,"template":"","format":"standard","meta":{"footnotes":""},"categories":[1],"tags":[],"class_list":["post-22941","post","type-post","status-publish","format-standard","has-post-thumbnail","hentry","category-sem-categoria"],"_links":{"self":[{"href":"http:\/\/sol.fm.br\/radio\/wp-json\/wp\/v2\/posts\/22941","targetHints":{"allow":["GET"]}}],"collection":[{"href":"http:\/\/sol.fm.br\/radio\/wp-json\/wp\/v2\/posts"}],"about":[{"href":"http:\/\/sol.fm.br\/radio\/wp-json\/wp\/v2\/types\/post"}],"author":[{"embeddable":true,"href":"http:\/\/sol.fm.br\/radio\/wp-json\/wp\/v2\/users\/4"}],"replies":[{"embeddable":true,"href":"http:\/\/sol.fm.br\/radio\/wp-json\/wp\/v2\/comments?post=22941"}],"version-history":[{"count":1,"href":"http:\/\/sol.fm.br\/radio\/wp-json\/wp\/v2\/posts\/22941\/revisions"}],"predecessor-version":[{"id":22943,"href":"http:\/\/sol.fm.br\/radio\/wp-json\/wp\/v2\/posts\/22941\/revisions\/22943"}],"wp:featuredmedia":[{"embeddable":true,"href":"http:\/\/sol.fm.br\/radio\/wp-json\/wp\/v2\/media\/22942"}],"wp:attachment":[{"href":"http:\/\/sol.fm.br\/radio\/wp-json\/wp\/v2\/media?parent=22941"}],"wp:term":[{"taxonomy":"category","embeddable":true,"href":"http:\/\/sol.fm.br\/radio\/wp-json\/wp\/v2\/categories?post=22941"},{"taxonomy":"post_tag","embeddable":true,"href":"http:\/\/sol.fm.br\/radio\/wp-json\/wp\/v2\/tags?post=22941"}],"curies":[{"name":"wp","href":"https:\/\/api.w.org\/{rel}","templated":true}]}}