{"id":22944,"date":"2019-06-26T13:38:47","date_gmt":"2019-06-26T16:38:47","guid":{"rendered":"http:\/\/sol.fm.br\/radio\/?p=22944"},"modified":"2019-06-26T13:38:47","modified_gmt":"2019-06-26T16:38:47","slug":"secretarias-de-saude-e-assistencia-social-de-parobe-realizam-festa-junina-para-idosos-da-ubs-vila-nova","status":"publish","type":"post","link":"http:\/\/sol.fm.br\/radio\/secretarias-de-saude-e-assistencia-social-de-parobe-realizam-festa-junina-para-idosos-da-ubs-vila-nova\/","title":{"rendered":"Secretarias de Sa\u00fade e Assist\u00eancia Social de Parob\u00e9 realizam Festa Junina para Idosos da UBS Vila Nova"},"content":{"rendered":"<div id=\"dslc-theme-content\"><div id=\"dslc-theme-content-inner\"><p><em>Arraial celebrou o dia de S\u00e3o Jo\u00e3o na comunidade<\/em><\/p>\n<p>Na \u00faltima segunda-feira (24), a Secretaria de Sa\u00fade em parceria da Secretaria de Assist\u00eancia Social realizaram a Festa Junina dos Idosos da UBS Vila Nova. Na ocasi\u00e3o estavam presentes a Vice-Prefeita Municipal e Secretaria de Sa\u00fade Marizete Pinheiro e o Secretario de Assist\u00eancia Social Adriano Azeredo.<\/p>\n<h6><strong>Assessoria de Imprensa | Secretaria de Comunica\u00e7\u00e3o\u00a0<\/strong><\/h6>\n<p><center><iframe loading=\"lazy\" src=\"https:\/\/player.jmvstream.com\/fHPLBpjjf9XKtUAcityAS4ACnPNQ72\" allowfullscreen allow=\"autoplay; fullscreen\" frameborder=\"0\" width=\"640\" height=\"360\"><\/iframe><\/center><\/p>\n<\/div><\/div>","protected":false},"excerpt":{"rendered":"<p>Arraial celebrou o dia de S\u00e3o Jo\u00e3o na comunidade Na \u00faltima segunda-feira (24), a Secretaria de Sa\u00fade em parceria da Secretaria de Assist\u00eancia Social realizaram a Festa Junina dos Idosos da UBS Vila Nova. Na ocasi\u00e3o estavam presentes a Vice-Prefeita Municipal e Secretaria de Sa\u00fade Marizete Pinheiro e o Secretario de Assist\u00eancia Social Adriano Azeredo. [&hellip;]<\/p>\n","protected":false},"author":4,"featured_media":22945,"comment_status":"open","ping_status":"open","sticky":false,"template":"","format":"standard","meta":{"footnotes":""},"categories":[1],"tags":[],"class_list":["post-22944","post","type-post","status-publish","format-standard","has-post-thumbnail","hentry","category-sem-categoria"],"_links":{"self":[{"href":"http:\/\/sol.fm.br\/radio\/wp-json\/wp\/v2\/posts\/22944","targetHints":{"allow":["GET"]}}],"collection":[{"href":"http:\/\/sol.fm.br\/radio\/wp-json\/wp\/v2\/posts"}],"about":[{"href":"http:\/\/sol.fm.br\/radio\/wp-json\/wp\/v2\/types\/post"}],"author":[{"embeddable":true,"href":"http:\/\/sol.fm.br\/radio\/wp-json\/wp\/v2\/users\/4"}],"replies":[{"embeddable":true,"href":"http:\/\/sol.fm.br\/radio\/wp-json\/wp\/v2\/comments?post=22944"}],"version-history":[{"count":1,"href":"http:\/\/sol.fm.br\/radio\/wp-json\/wp\/v2\/posts\/22944\/revisions"}],"predecessor-version":[{"id":22946,"href":"http:\/\/sol.fm.br\/radio\/wp-json\/wp\/v2\/posts\/22944\/revisions\/22946"}],"wp:featuredmedia":[{"embeddable":true,"href":"http:\/\/sol.fm.br\/radio\/wp-json\/wp\/v2\/media\/22945"}],"wp:attachment":[{"href":"http:\/\/sol.fm.br\/radio\/wp-json\/wp\/v2\/media?parent=22944"}],"wp:term":[{"taxonomy":"category","embeddable":true,"href":"http:\/\/sol.fm.br\/radio\/wp-json\/wp\/v2\/categories?post=22944"},{"taxonomy":"post_tag","embeddable":true,"href":"http:\/\/sol.fm.br\/radio\/wp-json\/wp\/v2\/tags?post=22944"}],"curies":[{"name":"wp","href":"https:\/\/api.w.org\/{rel}","templated":true}]}}