{"id":23280,"date":"2019-07-15T09:47:52","date_gmt":"2019-07-15T12:47:52","guid":{"rendered":"http:\/\/sol.fm.br\/radio\/?p=23280"},"modified":"2019-07-15T09:47:52","modified_gmt":"2019-07-15T12:47:52","slug":"ticiane-pinheiro-encanta-internautas-ao-posar-beijando-a-filha-recem-nascida","status":"publish","type":"post","link":"http:\/\/sol.fm.br\/radio\/ticiane-pinheiro-encanta-internautas-ao-posar-beijando-a-filha-recem-nascida\/","title":{"rendered":"Ticiane Pinheiro encanta internautas ao posar beijando a filha rec\u00e9m-nascida"},"content":{"rendered":"<div id=\"dslc-theme-content\"><div id=\"dslc-theme-content-inner\"><p>Na sexta-feira, 12 de julho, nasceu a Manuella. Ela, fruto do relacionamento da apresentadora Ticiane Pinheiro com o jornalista global Cesar Tralli, desde ent\u00e3o \u00e9 motivo para deixar os internautas bastante fascinados.<\/p>\n<p><img loading=\"lazy\" decoding=\"async\" class=\" wp-image-23282 alignleft\" src=\"http:\/\/sol.fm.br\/radio\/wp-content\/uploads\/2019\/07\/frdefrderfderdferdferdfre-318x400.jpg\" alt=\"\" width=\"254\" height=\"319\" srcset=\"http:\/\/sol.fm.br\/radio\/wp-content\/uploads\/2019\/07\/frdefrderfderdferdferdfre-318x400.jpg 318w, http:\/\/sol.fm.br\/radio\/wp-content\/uploads\/2019\/07\/frdefrderfderdferdferdfre.jpg 425w\" sizes=\"auto, (max-width: 254px) 100vw, 254px\" \/>Logo depois do parto, as filhas da apresentadora do \u2018Hoje em Dia\u2019 surgirem juntinhas pela primeira vez, a crian\u00e7a foi clicada com a m\u00e3e, que compartilhou um registro dando um beijo na testa da rec\u00e9m-nascida. Por meio de sua conta do Instagram, no fim da noite deste \u00faltimo domingo, 14 de julho, ela legendou, apaixonada: \u201cAmor. S\u00f3 amor e mais nada\u201d, escreveu.<\/p>\n<p>Somando mais de 500 mil likes, celebridades e internautas se derreteram. A vov\u00f3 Hel\u00f4 Pinheiro, publicou: \u201cQue sejam aben\u00e7oadas por Deus\u201d, disse. \u201cQue lindas\u201d, escreveu Eliana. \u201cLindinhas\u201d, escreveu Renata Alves. \u201cDeus aben\u00e7oe muito muito mana!\u201d, torceu Fab\u00edola Gadelha.<\/p>\n<h6><strong>Fotos: Instagram<\/strong><\/h6>\n<p>&nbsp;<\/p>\n<p><center><iframe loading=\"lazy\" src=\"https:\/\/player.jmvstream.com\/fHPLBpjjf9XKtUAcityAS4ACnPNQ72\" allowfullscreen allow=\"autoplay; fullscreen\" frameborder=\"0\" width=\"640\" height=\"360\"><\/iframe><\/center><\/p>\n<\/div><\/div>","protected":false},"excerpt":{"rendered":"<p>Na sexta-feira, 12 de julho, nasceu a Manuella. Ela, fruto do relacionamento da apresentadora Ticiane Pinheiro com o jornalista global Cesar Tralli, desde ent\u00e3o \u00e9 motivo para deixar os internautas bastante fascinados. Logo depois do parto, as filhas da apresentadora do \u2018Hoje em Dia\u2019 surgirem juntinhas pela primeira vez, a crian\u00e7a foi clicada com a [&hellip;]<\/p>\n","protected":false},"author":4,"featured_media":23281,"comment_status":"open","ping_status":"open","sticky":false,"template":"","format":"standard","meta":{"footnotes":""},"categories":[1],"tags":[],"class_list":["post-23280","post","type-post","status-publish","format-standard","has-post-thumbnail","hentry","category-sem-categoria"],"_links":{"self":[{"href":"http:\/\/sol.fm.br\/radio\/wp-json\/wp\/v2\/posts\/23280","targetHints":{"allow":["GET"]}}],"collection":[{"href":"http:\/\/sol.fm.br\/radio\/wp-json\/wp\/v2\/posts"}],"about":[{"href":"http:\/\/sol.fm.br\/radio\/wp-json\/wp\/v2\/types\/post"}],"author":[{"embeddable":true,"href":"http:\/\/sol.fm.br\/radio\/wp-json\/wp\/v2\/users\/4"}],"replies":[{"embeddable":true,"href":"http:\/\/sol.fm.br\/radio\/wp-json\/wp\/v2\/comments?post=23280"}],"version-history":[{"count":1,"href":"http:\/\/sol.fm.br\/radio\/wp-json\/wp\/v2\/posts\/23280\/revisions"}],"predecessor-version":[{"id":23283,"href":"http:\/\/sol.fm.br\/radio\/wp-json\/wp\/v2\/posts\/23280\/revisions\/23283"}],"wp:featuredmedia":[{"embeddable":true,"href":"http:\/\/sol.fm.br\/radio\/wp-json\/wp\/v2\/media\/23281"}],"wp:attachment":[{"href":"http:\/\/sol.fm.br\/radio\/wp-json\/wp\/v2\/media?parent=23280"}],"wp:term":[{"taxonomy":"category","embeddable":true,"href":"http:\/\/sol.fm.br\/radio\/wp-json\/wp\/v2\/categories?post=23280"},{"taxonomy":"post_tag","embeddable":true,"href":"http:\/\/sol.fm.br\/radio\/wp-json\/wp\/v2\/tags?post=23280"}],"curies":[{"name":"wp","href":"https:\/\/api.w.org\/{rel}","templated":true}]}}