{"id":23284,"date":"2019-07-15T13:52:46","date_gmt":"2019-07-15T16:52:46","guid":{"rendered":"http:\/\/sol.fm.br\/radio\/?p=23284"},"modified":"2019-07-15T13:52:46","modified_gmt":"2019-07-15T16:52:46","slug":"bairro-vila-feliz-de-parobe-elege-nova-presidencia-da-associacao-de-moradores","status":"publish","type":"post","link":"http:\/\/sol.fm.br\/radio\/bairro-vila-feliz-de-parobe-elege-nova-presidencia-da-associacao-de-moradores\/","title":{"rendered":"Bairro Vila Feliz de Parob\u00e9 elege nova presid\u00eancia da Associa\u00e7\u00e3o de Moradores"},"content":{"rendered":"<div id=\"dslc-theme-content\"><div id=\"dslc-theme-content-inner\"><p><em>Projeto Fala Comunidade organizou a elei\u00e7\u00e3o na \u00faltima sexta-feira<\/em><\/p>\n<p>Na \u00faltima sexta-feira (12), ocorreu a elei\u00e7\u00e3o da nova diretoria da Associa\u00e7\u00e3o de Moradores do bairro Vila Feliz realizada na EMEF Maltus Krummenauer. A chapa \u00fanica liderada por Sadi Luide Estulano, candidato a Presidente e Latalisio Almeida dos Santos, candidato a Vice-Presidente, obtiveram a unanimidade dos votos dos eleitores presentes que compareceram na Assembl\u00e9ia entre \u00e0s 18h e 19h30.<\/p>\n<p>O ato contou com a colabora\u00e7\u00e3o do coordenador do projeto Fala Comunidade, Geraldo Ant\u00f4nio Both e a posse ir\u00e1 acontecer nos pr\u00f3ximos dias no Gabinete do Prefeito.<\/p>\n<h6><strong>Assessoria de Imprensa | Secretaria de Comunica\u00e7\u00e3o\u00a0<\/strong><\/h6>\n<p><center><iframe loading=\"lazy\" src=\"https:\/\/player.jmvstream.com\/fHPLBpjjf9XKtUAcityAS4ACnPNQ72\" allowfullscreen allow=\"autoplay; fullscreen\" frameborder=\"0\" width=\"640\" height=\"360\"><\/iframe><\/center><\/p>\n<\/div><\/div>","protected":false},"excerpt":{"rendered":"<p>Projeto Fala Comunidade organizou a elei\u00e7\u00e3o na \u00faltima sexta-feira Na \u00faltima sexta-feira (12), ocorreu a elei\u00e7\u00e3o da nova diretoria da Associa\u00e7\u00e3o de Moradores do bairro Vila Feliz realizada na EMEF Maltus Krummenauer. A chapa \u00fanica liderada por Sadi Luide Estulano, candidato a Presidente e Latalisio Almeida dos Santos, candidato a Vice-Presidente, obtiveram a unanimidade dos [&hellip;]<\/p>\n","protected":false},"author":4,"featured_media":23285,"comment_status":"open","ping_status":"open","sticky":false,"template":"","format":"standard","meta":{"footnotes":""},"categories":[1],"tags":[],"class_list":["post-23284","post","type-post","status-publish","format-standard","has-post-thumbnail","hentry","category-sem-categoria"],"_links":{"self":[{"href":"http:\/\/sol.fm.br\/radio\/wp-json\/wp\/v2\/posts\/23284","targetHints":{"allow":["GET"]}}],"collection":[{"href":"http:\/\/sol.fm.br\/radio\/wp-json\/wp\/v2\/posts"}],"about":[{"href":"http:\/\/sol.fm.br\/radio\/wp-json\/wp\/v2\/types\/post"}],"author":[{"embeddable":true,"href":"http:\/\/sol.fm.br\/radio\/wp-json\/wp\/v2\/users\/4"}],"replies":[{"embeddable":true,"href":"http:\/\/sol.fm.br\/radio\/wp-json\/wp\/v2\/comments?post=23284"}],"version-history":[{"count":1,"href":"http:\/\/sol.fm.br\/radio\/wp-json\/wp\/v2\/posts\/23284\/revisions"}],"predecessor-version":[{"id":23286,"href":"http:\/\/sol.fm.br\/radio\/wp-json\/wp\/v2\/posts\/23284\/revisions\/23286"}],"wp:featuredmedia":[{"embeddable":true,"href":"http:\/\/sol.fm.br\/radio\/wp-json\/wp\/v2\/media\/23285"}],"wp:attachment":[{"href":"http:\/\/sol.fm.br\/radio\/wp-json\/wp\/v2\/media?parent=23284"}],"wp:term":[{"taxonomy":"category","embeddable":true,"href":"http:\/\/sol.fm.br\/radio\/wp-json\/wp\/v2\/categories?post=23284"},{"taxonomy":"post_tag","embeddable":true,"href":"http:\/\/sol.fm.br\/radio\/wp-json\/wp\/v2\/tags?post=23284"}],"curies":[{"name":"wp","href":"https:\/\/api.w.org\/{rel}","templated":true}]}}