{"id":23292,"date":"2019-07-15T16:13:05","date_gmt":"2019-07-15T19:13:05","guid":{"rendered":"http:\/\/sol.fm.br\/radio\/?p=23292"},"modified":"2019-07-15T16:13:05","modified_gmt":"2019-07-15T19:13:05","slug":"prefeito-orlando-recebe-senador","status":"publish","type":"post","link":"http:\/\/sol.fm.br\/radio\/prefeito-orlando-recebe-senador\/","title":{"rendered":"Prefeito Orlando recebe senador"},"content":{"rendered":"<div id=\"dslc-theme-content\"><div id=\"dslc-theme-content-inner\"><p>O prefeito de Tr\u00eas Coroas, Orlando Teixeira, recebeu na \u00faltima sexta-feira (12) a visita do senador Lasier Martins (Podemos-RS).<\/p>\n<p>Na ocasi\u00e3o, o chefe do executivo municipal mostrou os ve\u00edculos que foram comprados com as verbas destinadas por Lasier, sendo eles um \u00f4nibus com elevador para cadeirantes e um Chevrolet Spin.<\/p>\n<p>Uma parte dos recursos tamb\u00e9m foi utilizada para comprar um arquivo e um climatizador, destinados \u00e0 sa\u00fade do munic\u00edpio.<\/p>\n<p>O senador elogiou a limpeza das ruas da cidade e parabenizou o prefeito pela transpar\u00eancia na aplica\u00e7\u00e3o das verbas.<\/p>\n<p>Por sua vez, Orlando fez um agradecimento pela destina\u00e7\u00e3o de verbas para o munic\u00edpio e aproveitou para pedir apoio para a restaura\u00e7\u00e3o do Museu Armindo Lauffer e para a pavimenta\u00e7\u00e3o asf\u00e1ltica da Rota Panor\u00e2mica, que liga Tr\u00eas Coras \u00e0 Canela pelo interior.<\/p>\n<p>Tamb\u00e9m participaram do encontro o vice-prefeito Eraldo Ara\u00fajo, secret\u00e1rios municipais, vereadores e a dire\u00e7\u00e3o do Hospital Dr. Oswaldo Diesel.<\/p>\n<h6><strong>Fotos: Diego Land.<\/strong><\/h6>\n<h6><strong>Diego Land<\/strong><br \/>\n<strong>Assessoria de Imprensa \/\u00a0Munic\u00edpio de Tr\u00eas Coroas-RS<\/strong><\/h6>\n<p><center><iframe loading=\"lazy\" src=\"https:\/\/player.jmvstream.com\/fHPLBpjjf9XKtUAcityAS4ACnPNQ72\" allowfullscreen allow=\"autoplay; fullscreen\" frameborder=\"0\" width=\"640\" height=\"360\"><\/iframe><\/center><\/p>\n<\/div><\/div>","protected":false},"excerpt":{"rendered":"<p>O prefeito de Tr\u00eas Coroas, Orlando Teixeira, recebeu na \u00faltima sexta-feira (12) a visita do senador Lasier Martins (Podemos-RS). Na ocasi\u00e3o, o chefe do executivo municipal mostrou os ve\u00edculos que foram comprados com as verbas destinadas por Lasier, sendo eles um \u00f4nibus com elevador para cadeirantes e um Chevrolet Spin. Uma parte dos recursos tamb\u00e9m [&hellip;]<\/p>\n","protected":false},"author":4,"featured_media":23293,"comment_status":"open","ping_status":"open","sticky":false,"template":"","format":"standard","meta":{"footnotes":""},"categories":[1],"tags":[],"class_list":["post-23292","post","type-post","status-publish","format-standard","has-post-thumbnail","hentry","category-sem-categoria"],"_links":{"self":[{"href":"http:\/\/sol.fm.br\/radio\/wp-json\/wp\/v2\/posts\/23292","targetHints":{"allow":["GET"]}}],"collection":[{"href":"http:\/\/sol.fm.br\/radio\/wp-json\/wp\/v2\/posts"}],"about":[{"href":"http:\/\/sol.fm.br\/radio\/wp-json\/wp\/v2\/types\/post"}],"author":[{"embeddable":true,"href":"http:\/\/sol.fm.br\/radio\/wp-json\/wp\/v2\/users\/4"}],"replies":[{"embeddable":true,"href":"http:\/\/sol.fm.br\/radio\/wp-json\/wp\/v2\/comments?post=23292"}],"version-history":[{"count":1,"href":"http:\/\/sol.fm.br\/radio\/wp-json\/wp\/v2\/posts\/23292\/revisions"}],"predecessor-version":[{"id":23294,"href":"http:\/\/sol.fm.br\/radio\/wp-json\/wp\/v2\/posts\/23292\/revisions\/23294"}],"wp:featuredmedia":[{"embeddable":true,"href":"http:\/\/sol.fm.br\/radio\/wp-json\/wp\/v2\/media\/23293"}],"wp:attachment":[{"href":"http:\/\/sol.fm.br\/radio\/wp-json\/wp\/v2\/media?parent=23292"}],"wp:term":[{"taxonomy":"category","embeddable":true,"href":"http:\/\/sol.fm.br\/radio\/wp-json\/wp\/v2\/categories?post=23292"},{"taxonomy":"post_tag","embeddable":true,"href":"http:\/\/sol.fm.br\/radio\/wp-json\/wp\/v2\/tags?post=23292"}],"curies":[{"name":"wp","href":"https:\/\/api.w.org\/{rel}","templated":true}]}}