{"id":23295,"date":"2019-07-15T16:18:14","date_gmt":"2019-07-15T19:18:14","guid":{"rendered":"http:\/\/sol.fm.br\/radio\/?p=23295"},"modified":"2019-07-15T16:18:14","modified_gmt":"2019-07-15T19:18:14","slug":"votacao-do-segundo-turno-da-reforma-da-previdencia-ficara-para-agosto","status":"publish","type":"post","link":"http:\/\/sol.fm.br\/radio\/votacao-do-segundo-turno-da-reforma-da-previdencia-ficara-para-agosto\/","title":{"rendered":"Vota\u00e7\u00e3o do segundo turno da reforma da Previd\u00eancia ficar\u00e1 para agosto"},"content":{"rendered":"<div id=\"dslc-theme-content\"><div id=\"dslc-theme-content-inner\"><p>Ap\u00f3s o primeiro turno da an\u00e1lise da proposta ser finalizado, na sexta-feira, 12 de julho, o texto que passou pela comiss\u00e3o especial est\u00e1 pronto para ser analisado no plen\u00e1rio da C\u00e2mara em segundo turno. A etapa fica para depois do recesso parlamentar, que come\u00e7a nesta quinta, 18 de julho.<\/p>\n<p>O presidente da C\u00e2mara, Rodrigo Maia, preocupado com a possibilidade de qu\u00f3rum baixo para a vota\u00e7\u00e3o nesta semana, definiu a data do segundo turno somente para o dia 6 de agosto. De acordo com ele, a ideia \u00e9 tamb\u00e9m evitar as press\u00f5es para que os parlamentares mudem de ideia.<\/p>\n<p>No segundo turno, os deputados n\u00e3o podem alterar mais nada no texto a ser analisado. Nessa etapa, ser\u00e3o votadas as chamadas \u201cemendas supressivas\u201d, que retiram trechos do texto. Caso aprovada em segundo turno, passar\u00e1 para o Senado. L\u00e1, o texto ir\u00e1 para a Comiss\u00e3o de Constitui\u00e7\u00e3o e Justi\u00e7a (CCJ) e depois para o plen\u00e1rio.<\/p>\n<p>A vota\u00e7\u00e3o tamb\u00e9m acontecer\u00e1 em dois turnos: para que a reforma seja aprovada, ser\u00e3o necess\u00e1rios ao menos 49 votos \u2013 o que significa a aprova\u00e7\u00e3o de 60% dos senadores \u2013 nas duas ocasi\u00f5es.<\/p>\n<p><center><iframe loading=\"lazy\" src=\"https:\/\/player.jmvstream.com\/fHPLBpjjf9XKtUAcityAS4ACnPNQ72\" allowfullscreen allow=\"autoplay; fullscreen\" frameborder=\"0\" width=\"640\" height=\"360\"><\/iframe><\/center><\/p>\n<\/div><\/div>","protected":false},"excerpt":{"rendered":"<p>Ap\u00f3s o primeiro turno da an\u00e1lise da proposta ser finalizado, na sexta-feira, 12 de julho, o texto que passou pela comiss\u00e3o especial est\u00e1 pronto para ser analisado no plen\u00e1rio da C\u00e2mara em segundo turno. A etapa fica para depois do recesso parlamentar, que come\u00e7a nesta quinta, 18 de julho. O presidente da C\u00e2mara, Rodrigo Maia, [&hellip;]<\/p>\n","protected":false},"author":4,"featured_media":23296,"comment_status":"open","ping_status":"open","sticky":false,"template":"","format":"standard","meta":{"footnotes":""},"categories":[1],"tags":[],"class_list":["post-23295","post","type-post","status-publish","format-standard","has-post-thumbnail","hentry","category-sem-categoria"],"_links":{"self":[{"href":"http:\/\/sol.fm.br\/radio\/wp-json\/wp\/v2\/posts\/23295","targetHints":{"allow":["GET"]}}],"collection":[{"href":"http:\/\/sol.fm.br\/radio\/wp-json\/wp\/v2\/posts"}],"about":[{"href":"http:\/\/sol.fm.br\/radio\/wp-json\/wp\/v2\/types\/post"}],"author":[{"embeddable":true,"href":"http:\/\/sol.fm.br\/radio\/wp-json\/wp\/v2\/users\/4"}],"replies":[{"embeddable":true,"href":"http:\/\/sol.fm.br\/radio\/wp-json\/wp\/v2\/comments?post=23295"}],"version-history":[{"count":1,"href":"http:\/\/sol.fm.br\/radio\/wp-json\/wp\/v2\/posts\/23295\/revisions"}],"predecessor-version":[{"id":23297,"href":"http:\/\/sol.fm.br\/radio\/wp-json\/wp\/v2\/posts\/23295\/revisions\/23297"}],"wp:featuredmedia":[{"embeddable":true,"href":"http:\/\/sol.fm.br\/radio\/wp-json\/wp\/v2\/media\/23296"}],"wp:attachment":[{"href":"http:\/\/sol.fm.br\/radio\/wp-json\/wp\/v2\/media?parent=23295"}],"wp:term":[{"taxonomy":"category","embeddable":true,"href":"http:\/\/sol.fm.br\/radio\/wp-json\/wp\/v2\/categories?post=23295"},{"taxonomy":"post_tag","embeddable":true,"href":"http:\/\/sol.fm.br\/radio\/wp-json\/wp\/v2\/tags?post=23295"}],"curies":[{"name":"wp","href":"https:\/\/api.w.org\/{rel}","templated":true}]}}