{"id":23299,"date":"2019-07-16T14:01:34","date_gmt":"2019-07-16T17:01:34","guid":{"rendered":"http:\/\/sol.fm.br\/radio\/?p=23299"},"modified":"2019-07-16T14:01:34","modified_gmt":"2019-07-16T17:01:34","slug":"cuidado-com-os-efeitos-do-frio-na-pele","status":"publish","type":"post","link":"http:\/\/sol.fm.br\/radio\/cuidado-com-os-efeitos-do-frio-na-pele\/","title":{"rendered":"Cuidado com os efeitos do frio na pele"},"content":{"rendered":"<div id=\"dslc-theme-content\"><div id=\"dslc-theme-content-inner\"><p><em>Queda das temperaturas causa ressecamento e desidrata\u00e7\u00e3o o que facilita o desenvolvimento de enfermidades<\/em><\/p>\n<p>A combina\u00e7\u00e3o de vento frio e banhos com \u00e1gua quente interfere na manuten\u00e7\u00e3o de uma pele saud\u00e1vel nessa \u00e9poca do ano. \u00c9 comum no inverno o ressecamento da pele, que apesar de n\u00e3o ser grave, causa inc\u00f4modo, como coceira e descama\u00e7\u00e3o. As partes mais afetadas do corpo s\u00e3o rosto, bra\u00e7os e pernas, podendo em alguns casos evoluir para casos mais graves. Algumas doen\u00e7as, como os eczemas, a psor\u00edase e a ros\u00e1cea podem tamb\u00e9m piorar.<\/p>\n<p>A m\u00e9dica dermatologista e vice-presidente da Sociedade Brasileira de Dermatologia \u2013 Sec\u00e7\u00e3o RS (SBD-RS), Clarissa Prati, salienta que os h\u00e1bitos de hidrata\u00e7\u00e3o devem ser refor\u00e7ados.<\/p>\n<p>- Neste per\u00edodo, \u00e9 sugerido reduzir a quantidade de sabonetes ou ainda que se usem produtos dermatol\u00f3gicos sem sab\u00e3o e reforce-se a rotina de hidratantes, para crian\u00e7as e idosos, principalmente. A coceira resultante do ressecamento interfere muito na qualidade de vida. Para casos mais graves, indica-se investigar e tratar com o seu m\u00e9dico dermatologista - orienta<\/p>\n<p>Por fim, a m\u00e9dica lembra que, muito comuns em dias mais frios, os aquecedores de ar tamb\u00e9m precisam ser utilizados de maneira moderada, pois, ressecam e prejudicam a pele.<\/p>\n<h6><strong>Reda\u00e7\u00e3o: V\u00edtor Figueir\u00f3<\/strong><br \/>\n<strong>Coorena\u00e7\u00e3o: Marcelo Matusiak<\/strong><\/h6>\n<p><center><iframe loading=\"lazy\" src=\"https:\/\/player.jmvstream.com\/fHPLBpjjf9XKtUAcityAS4ACnPNQ72\" allowfullscreen allow=\"autoplay; fullscreen\" frameborder=\"0\" width=\"640\" height=\"360\"><\/iframe><\/center><\/p>\n<\/div><\/div>","protected":false},"excerpt":{"rendered":"<p>Queda das temperaturas causa ressecamento e desidrata\u00e7\u00e3o o que facilita o desenvolvimento de enfermidades A combina\u00e7\u00e3o de vento frio e banhos com \u00e1gua quente interfere na manuten\u00e7\u00e3o de uma pele saud\u00e1vel nessa \u00e9poca do ano. \u00c9 comum no inverno o ressecamento da pele, que apesar de n\u00e3o ser grave, causa inc\u00f4modo, como coceira e descama\u00e7\u00e3o. [&hellip;]<\/p>\n","protected":false},"author":4,"featured_media":23300,"comment_status":"open","ping_status":"open","sticky":false,"template":"","format":"standard","meta":{"footnotes":""},"categories":[1],"tags":[],"class_list":["post-23299","post","type-post","status-publish","format-standard","has-post-thumbnail","hentry","category-sem-categoria"],"_links":{"self":[{"href":"http:\/\/sol.fm.br\/radio\/wp-json\/wp\/v2\/posts\/23299","targetHints":{"allow":["GET"]}}],"collection":[{"href":"http:\/\/sol.fm.br\/radio\/wp-json\/wp\/v2\/posts"}],"about":[{"href":"http:\/\/sol.fm.br\/radio\/wp-json\/wp\/v2\/types\/post"}],"author":[{"embeddable":true,"href":"http:\/\/sol.fm.br\/radio\/wp-json\/wp\/v2\/users\/4"}],"replies":[{"embeddable":true,"href":"http:\/\/sol.fm.br\/radio\/wp-json\/wp\/v2\/comments?post=23299"}],"version-history":[{"count":1,"href":"http:\/\/sol.fm.br\/radio\/wp-json\/wp\/v2\/posts\/23299\/revisions"}],"predecessor-version":[{"id":23301,"href":"http:\/\/sol.fm.br\/radio\/wp-json\/wp\/v2\/posts\/23299\/revisions\/23301"}],"wp:featuredmedia":[{"embeddable":true,"href":"http:\/\/sol.fm.br\/radio\/wp-json\/wp\/v2\/media\/23300"}],"wp:attachment":[{"href":"http:\/\/sol.fm.br\/radio\/wp-json\/wp\/v2\/media?parent=23299"}],"wp:term":[{"taxonomy":"category","embeddable":true,"href":"http:\/\/sol.fm.br\/radio\/wp-json\/wp\/v2\/categories?post=23299"},{"taxonomy":"post_tag","embeddable":true,"href":"http:\/\/sol.fm.br\/radio\/wp-json\/wp\/v2\/tags?post=23299"}],"curies":[{"name":"wp","href":"https:\/\/api.w.org\/{rel}","templated":true}]}}