{"id":23302,"date":"2019-07-16T14:04:56","date_gmt":"2019-07-16T17:04:56","guid":{"rendered":"http:\/\/sol.fm.br\/radio\/?p=23302"},"modified":"2019-07-16T14:04:56","modified_gmt":"2019-07-16T17:04:56","slug":"fique-atento-ao-recadastramento-biometrico","status":"publish","type":"post","link":"http:\/\/sol.fm.br\/radio\/fique-atento-ao-recadastramento-biometrico\/","title":{"rendered":"Fique atento ao Recadastramento Biom\u00e9trico"},"content":{"rendered":"<div id=\"dslc-theme-content\"><div id=\"dslc-theme-content-inner\"><p><em>Data \u00e9 para os parobeenses que ainda n\u00e3o cadastraram sua biometria<\/em><\/p>\n<p>O Tribunal Regional Eleitoral (TRE-RS) e o Cart\u00f3rio Eleitoral de Taquara informam que nos pr\u00f3ximos dias 25 e 26 de julho estar\u00e3o atendendo normalmente a popula\u00e7\u00e3o parobeense para a realiza\u00e7\u00e3o do recadastramento biom\u00e9trico, no dia do feriado municipal. O recadastramento acontece em Taquara no Cart\u00f3rio Eleitoral localizado na Rua Ernesto Alves, 1780, (ao lado do f\u00f3rum) das 10h \u00e0s 17h.<\/p>\n<p>Para evitar filas \u00e9 necess\u00e1rio que o cidad\u00e3o fa\u00e7a o seu agendamento pela internet (http:\/\/bit.ly\/2JOfynx) e seja atendido na hora marcada. Para o cidad\u00e3o com defici\u00eancia ou mobilidade reduzida, \u00e9 muito importante que seja solicitado ao atendente, o registro da defici\u00eancia, no momento do atendimento para que seja adequado o local de vota\u00e7\u00e3o com a necessidade do eleitor.<\/p>\n<p>Durante o atendimento \u00e9 necess\u00e1rio que compare\u00e7a munido de documento de identifica\u00e7\u00e3o com foto (RG, CNH ou Carteira de Trabalho), certid\u00e3o de nascimento e um comprovante de resid\u00eancia dos \u00faltimos tr\u00eas meses da pessoa ou de seus pais se residir com eles.<\/p>\n<h6><strong>Assessoria de Imprensa | Secretaria de Comunica\u00e7\u00e3o<\/strong><\/h6>\n<p><center><iframe loading=\"lazy\" src=\"https:\/\/player.jmvstream.com\/fHPLBpjjf9XKtUAcityAS4ACnPNQ72\" allowfullscreen allow=\"autoplay; fullscreen\" frameborder=\"0\" width=\"640\" height=\"360\"><\/iframe><\/center><\/p>\n<\/div><\/div>","protected":false},"excerpt":{"rendered":"<p>Data \u00e9 para os parobeenses que ainda n\u00e3o cadastraram sua biometria O Tribunal Regional Eleitoral (TRE-RS) e o Cart\u00f3rio Eleitoral de Taquara informam que nos pr\u00f3ximos dias 25 e 26 de julho estar\u00e3o atendendo normalmente a popula\u00e7\u00e3o parobeense para a realiza\u00e7\u00e3o do recadastramento biom\u00e9trico, no dia do feriado municipal. O recadastramento acontece em Taquara no [&hellip;]<\/p>\n","protected":false},"author":4,"featured_media":23303,"comment_status":"open","ping_status":"open","sticky":false,"template":"","format":"standard","meta":{"footnotes":""},"categories":[1],"tags":[],"class_list":["post-23302","post","type-post","status-publish","format-standard","has-post-thumbnail","hentry","category-sem-categoria"],"_links":{"self":[{"href":"http:\/\/sol.fm.br\/radio\/wp-json\/wp\/v2\/posts\/23302","targetHints":{"allow":["GET"]}}],"collection":[{"href":"http:\/\/sol.fm.br\/radio\/wp-json\/wp\/v2\/posts"}],"about":[{"href":"http:\/\/sol.fm.br\/radio\/wp-json\/wp\/v2\/types\/post"}],"author":[{"embeddable":true,"href":"http:\/\/sol.fm.br\/radio\/wp-json\/wp\/v2\/users\/4"}],"replies":[{"embeddable":true,"href":"http:\/\/sol.fm.br\/radio\/wp-json\/wp\/v2\/comments?post=23302"}],"version-history":[{"count":1,"href":"http:\/\/sol.fm.br\/radio\/wp-json\/wp\/v2\/posts\/23302\/revisions"}],"predecessor-version":[{"id":23304,"href":"http:\/\/sol.fm.br\/radio\/wp-json\/wp\/v2\/posts\/23302\/revisions\/23304"}],"wp:featuredmedia":[{"embeddable":true,"href":"http:\/\/sol.fm.br\/radio\/wp-json\/wp\/v2\/media\/23303"}],"wp:attachment":[{"href":"http:\/\/sol.fm.br\/radio\/wp-json\/wp\/v2\/media?parent=23302"}],"wp:term":[{"taxonomy":"category","embeddable":true,"href":"http:\/\/sol.fm.br\/radio\/wp-json\/wp\/v2\/categories?post=23302"},{"taxonomy":"post_tag","embeddable":true,"href":"http:\/\/sol.fm.br\/radio\/wp-json\/wp\/v2\/tags?post=23302"}],"curies":[{"name":"wp","href":"https:\/\/api.w.org\/{rel}","templated":true}]}}