{"id":23308,"date":"2019-07-16T14:11:51","date_gmt":"2019-07-16T17:11:51","guid":{"rendered":"http:\/\/sol.fm.br\/radio\/?p=23308"},"modified":"2019-07-16T14:13:36","modified_gmt":"2019-07-16T17:13:36","slug":"na-quarta-feira-os-ingressos-para-a-torcida-do-gremio-no-gre-nal-comecam-a-ser-vendidos","status":"publish","type":"post","link":"http:\/\/sol.fm.br\/radio\/na-quarta-feira-os-ingressos-para-a-torcida-do-gremio-no-gre-nal-comecam-a-ser-vendidos\/","title":{"rendered":"Na quarta-feira os ingressos para a torcida do Gr\u00eamio no Gre-Nal come\u00e7am a ser vendidos"},"content":{"rendered":"<div id=\"dslc-theme-content\"><div id=\"dslc-theme-content-inner\"><p>Na quarta-feira, 17 de julho, a partir das 14 horas, os s\u00f3cios do Gr\u00eamio poder\u00e3o reservar os seus ingressos para o cl\u00e1ssico Gre-Nal, do pr\u00f3ximo s\u00e1bado, no Beira-Rio, pelo site dos s\u00f3cios. O valor da entrada \u00e9 R$ 80. S\u00f3 ser\u00e1 permitida a reserva de um ingresso por CPF, j\u00e1 que o mesmo \u00e9 nominal e com lugares marcados. A retirada e o pagamento dos bilhetes acontecer\u00e3o das 10h \u00e0s 17h de quinta e das 10h \u00e0s 13h de sexta, na bilheteria Sul da Arena. Outras informa\u00e7\u00f5es podem ser obtidas no site do clube ou pelo telefone (51) 3218.2800, pelo e-mail atendimento@gremio.net ou pelo Whatsapp (51) 9.8282.7614.<\/p>\n<p>Para o Gre-Nal, o Gr\u00eamio recomenda que os torcedores saiam da Arena, de onde haver\u00e1 translado ao Beira-Rio. O pre\u00e7o para ir e voltar do Beira-Rio com os \u00f4nibus, que ser\u00e3o escoltados pela Brigada Militar, \u00e9 de R$ 10. Um dos estacionamentos do est\u00e1dio gremista estar\u00e1 aberto no s\u00e1bado. O jogo inicia \u00e0s 19h.<\/p>\n<p><center><iframe loading=\"lazy\" src=\"https:\/\/player.jmvstream.com\/fHPLBpjjf9XKtUAcityAS4ACnPNQ72\" allowfullscreen allow=\"autoplay; fullscreen\" frameborder=\"0\" width=\"640\" height=\"360\"><\/iframe><\/center><\/p>\n<\/div><\/div>","protected":false},"excerpt":{"rendered":"<p>Na quarta-feira, 17 de julho, a partir das 14 horas, os s\u00f3cios do Gr\u00eamio poder\u00e3o reservar os seus ingressos para o cl\u00e1ssico Gre-Nal, do pr\u00f3ximo s\u00e1bado, no Beira-Rio, pelo site dos s\u00f3cios. O valor da entrada \u00e9 R$ 80. S\u00f3 ser\u00e1 permitida a reserva de um ingresso por CPF, j\u00e1 que o mesmo \u00e9 nominal [&hellip;]<\/p>\n","protected":false},"author":4,"featured_media":23309,"comment_status":"open","ping_status":"open","sticky":false,"template":"","format":"standard","meta":{"footnotes":""},"categories":[1],"tags":[],"class_list":["post-23308","post","type-post","status-publish","format-standard","has-post-thumbnail","hentry","category-sem-categoria"],"_links":{"self":[{"href":"http:\/\/sol.fm.br\/radio\/wp-json\/wp\/v2\/posts\/23308","targetHints":{"allow":["GET"]}}],"collection":[{"href":"http:\/\/sol.fm.br\/radio\/wp-json\/wp\/v2\/posts"}],"about":[{"href":"http:\/\/sol.fm.br\/radio\/wp-json\/wp\/v2\/types\/post"}],"author":[{"embeddable":true,"href":"http:\/\/sol.fm.br\/radio\/wp-json\/wp\/v2\/users\/4"}],"replies":[{"embeddable":true,"href":"http:\/\/sol.fm.br\/radio\/wp-json\/wp\/v2\/comments?post=23308"}],"version-history":[{"count":2,"href":"http:\/\/sol.fm.br\/radio\/wp-json\/wp\/v2\/posts\/23308\/revisions"}],"predecessor-version":[{"id":23311,"href":"http:\/\/sol.fm.br\/radio\/wp-json\/wp\/v2\/posts\/23308\/revisions\/23311"}],"wp:featuredmedia":[{"embeddable":true,"href":"http:\/\/sol.fm.br\/radio\/wp-json\/wp\/v2\/media\/23309"}],"wp:attachment":[{"href":"http:\/\/sol.fm.br\/radio\/wp-json\/wp\/v2\/media?parent=23308"}],"wp:term":[{"taxonomy":"category","embeddable":true,"href":"http:\/\/sol.fm.br\/radio\/wp-json\/wp\/v2\/categories?post=23308"},{"taxonomy":"post_tag","embeddable":true,"href":"http:\/\/sol.fm.br\/radio\/wp-json\/wp\/v2\/tags?post=23308"}],"curies":[{"name":"wp","href":"https:\/\/api.w.org\/{rel}","templated":true}]}}