{"id":23312,"date":"2019-07-16T14:22:53","date_gmt":"2019-07-16T17:22:53","guid":{"rendered":"http:\/\/sol.fm.br\/radio\/?p=23312"},"modified":"2019-07-16T14:22:53","modified_gmt":"2019-07-16T17:22:53","slug":"para-o-jogo-do-inter-contra-o-palmeiras-restam-apenas-cadeiras-mundial-e-camarotes","status":"publish","type":"post","link":"http:\/\/sol.fm.br\/radio\/para-o-jogo-do-inter-contra-o-palmeiras-restam-apenas-cadeiras-mundial-e-camarotes\/","title":{"rendered":"Para o jogo do Inter contra o Palmeiras restam apenas cadeiras Mundial e camarotes"},"content":{"rendered":"<div id=\"dslc-theme-content\"><div id=\"dslc-theme-content-inner\"><p>Para o jogo de quarta-feira, 17 de julho, contra o Palmeiras pelas quartas de final da Copa do Brasil, no Beira-Rio, os torcedores ter\u00e3o que optar pelas cadeiras Mundial, que custam entre R$ 150, para a meia-entrada, a R$ 300 para o torcedor que n\u00e3o \u00e9 s\u00f3cio. Outras op\u00e7\u00f5es s\u00e3o os camarotes do primeiro anel e os camarotes superiores, cujos valores s\u00f3 s\u00e3o informados sob consulta telef\u00f4nica para a empresa que administra os espa\u00e7os da Brio.<\/p>\n<p>No total, 31.086 lugares foram confirmados para o confronto de um total de 50 mil colocados \u00e0 disposi\u00e7\u00e3o. Destes, 13.580 fizeram Check In e outros 17.506 compraram ingressos. Desde o n\u00famero divulgado no in\u00edcio da tarde de segunda-feira, mais 1.385 torcedores garantiram um lugar e foram esgotadas as arquibancadas inferiores e superiores. A expectativa \u00e9 de 45 mil torcedores.<\/p>\n<p>Como perdeu o jogo no Allianz Parque, por 1 a 0, a equipe de Odair Hellmann precisar de uma vit\u00f3ria com dois gols de diferen\u00e7a para avan\u00e7ar para a semifinal. Por isso, o treinador fez uma convoca\u00e7\u00e3o aos Colorados.<\/p>\n<p>Outras informa\u00e7\u00f5es sobre ingressos pode ser obtidas pelo\u00a0<strong><a href=\"http:\/\/www.internacional.com.br\/conteudo?modulo=24&amp;setor=314&amp;codigo=\" target=\"_blank\" rel=\"noopener\">site do clube<\/a><\/strong>, pelo telefone: (51) 3230.4600 ou da Brio (51) 3392.1000. O Inter enfrenta o Palmeiras, na quarta-feira, \u00e0s 21h30min.<\/p>\n<p><strong>Ingressos para o Gre-Nal<\/strong><\/p>\n<p>Depois de dois dias de Check In aberto para s\u00f3cios do Inter, os torcedores colorados em geral j\u00e1 podem adquirir entradas para o Gre-Nal de s\u00e1bado, \u00e0s 19h. Os valores variam entre R$ 10, para os s\u00f3cios Academia do Povo, a R$ 120, para cadeira central para n\u00e3o s\u00f3cios. A torcida mista pagar\u00e1 R$ 120, o par. Os pre\u00e7os dos acessos aos camarotes n\u00e3o s\u00e3o divulgados. As bilheterias est\u00e3o abertas desde as 10h desta ter\u00e7a-feira, 16 de julho.<\/p>\n<p><center><iframe loading=\"lazy\" src=\"https:\/\/player.jmvstream.com\/fHPLBpjjf9XKtUAcityAS4ACnPNQ72\" allowfullscreen allow=\"autoplay; fullscreen\" frameborder=\"0\" width=\"640\" height=\"360\"><\/iframe><\/center><\/p>\n<\/div><\/div>","protected":false},"excerpt":{"rendered":"<p>Para o jogo de quarta-feira, 17 de julho, contra o Palmeiras pelas quartas de final da Copa do Brasil, no Beira-Rio, os torcedores ter\u00e3o que optar pelas cadeiras Mundial, que custam entre R$ 150, para a meia-entrada, a R$ 300 para o torcedor que n\u00e3o \u00e9 s\u00f3cio. Outras op\u00e7\u00f5es s\u00e3o os camarotes do primeiro anel [&hellip;]<\/p>\n","protected":false},"author":4,"featured_media":23313,"comment_status":"open","ping_status":"open","sticky":false,"template":"","format":"standard","meta":{"footnotes":""},"categories":[1],"tags":[],"class_list":["post-23312","post","type-post","status-publish","format-standard","has-post-thumbnail","hentry","category-sem-categoria"],"_links":{"self":[{"href":"http:\/\/sol.fm.br\/radio\/wp-json\/wp\/v2\/posts\/23312","targetHints":{"allow":["GET"]}}],"collection":[{"href":"http:\/\/sol.fm.br\/radio\/wp-json\/wp\/v2\/posts"}],"about":[{"href":"http:\/\/sol.fm.br\/radio\/wp-json\/wp\/v2\/types\/post"}],"author":[{"embeddable":true,"href":"http:\/\/sol.fm.br\/radio\/wp-json\/wp\/v2\/users\/4"}],"replies":[{"embeddable":true,"href":"http:\/\/sol.fm.br\/radio\/wp-json\/wp\/v2\/comments?post=23312"}],"version-history":[{"count":1,"href":"http:\/\/sol.fm.br\/radio\/wp-json\/wp\/v2\/posts\/23312\/revisions"}],"predecessor-version":[{"id":23314,"href":"http:\/\/sol.fm.br\/radio\/wp-json\/wp\/v2\/posts\/23312\/revisions\/23314"}],"wp:featuredmedia":[{"embeddable":true,"href":"http:\/\/sol.fm.br\/radio\/wp-json\/wp\/v2\/media\/23313"}],"wp:attachment":[{"href":"http:\/\/sol.fm.br\/radio\/wp-json\/wp\/v2\/media?parent=23312"}],"wp:term":[{"taxonomy":"category","embeddable":true,"href":"http:\/\/sol.fm.br\/radio\/wp-json\/wp\/v2\/categories?post=23312"},{"taxonomy":"post_tag","embeddable":true,"href":"http:\/\/sol.fm.br\/radio\/wp-json\/wp\/v2\/tags?post=23312"}],"curies":[{"name":"wp","href":"https:\/\/api.w.org\/{rel}","templated":true}]}}