{"id":23648,"date":"2019-07-31T09:18:47","date_gmt":"2019-07-31T12:18:47","guid":{"rendered":"http:\/\/sol.fm.br\/radio\/?p=23648"},"modified":"2019-07-31T09:18:47","modified_gmt":"2019-07-31T12:18:47","slug":"alergia-a-proteina-do-leite-o-que-fazer","status":"publish","type":"post","link":"http:\/\/sol.fm.br\/radio\/alergia-a-proteina-do-leite-o-que-fazer\/","title":{"rendered":"Alergia a prote\u00edna do leite: o que fazer?"},"content":{"rendered":"<div id=\"dslc-theme-content\"><div id=\"dslc-theme-content-inner\"><p><em>Manifesta\u00e7\u00e3o acontece, principalmente, nos primeiros anos de vida da crian\u00e7as<\/em><\/p>\n<p>O aumento do n\u00famero de casos de todos os tipos de alergias tem preocupado pais e m\u00e9dicos. Os casos incluem a asma (alergia respirat\u00f3ria), a dermatite at\u00f3pica (alergia de pele) e as alergias alimentares. A teoria que existe por tr\u00e1s desse aumento \u00e9 que fatores ambientais foram respons\u00e1veis por isso. Uma das teorias fala que as nossas bact\u00e9rias protetoras foram desaparecendo aos poucos.<\/p>\n<p>A presidente da Sociedade de Pediatria do Rio Grande do Sul (SPRS) e gastroenterologista, Cristina Targa Ferreira, explica que existem dois tipos de alergias alimentares: as que ocorrem imediatamente ap\u00f3s o contato com a prote\u00edna alerg\u00eanica - alergias imediatas ou IgE mediadas - que geralmente cursam com urtic\u00e1ria e sintomas de pele e as alergias tardias ou n\u00e3o-IgE mediadas, que cursam com sintomas gastrointestinais, como c\u00f3licas, diarreia, sangue nas fezes, v\u00f4mitos e dor abdominal. Hoje, s\u00f3 existem exames para as alergias imediatas. Para as alergias gastrointestinais, n\u00e3o existem exames.<\/p>\n<p>- Nas alergias gastrointestinais, o diagn\u00f3stico \u00e9 feito excluindo a prote\u00edna do leite e depois que a crian\u00e7a apresentar melhora, deve-se desencadear, ou seja, colocar o leite de novo para comprovar que \u00e1 alergia mesmo. Ent\u00e3o, a crian\u00e7a tira o leite e derivados, melhora, e depois testa para ver se era isso mesmo. Quando o bebe est\u00e1 sendo amamentado quem deve tirar leite e derivados da dieta \u00e9 a m\u00e3e \u2013 explica.<\/p>\n<p>O tratamento \u00e9 excluir, por um tempo, a prote\u00edna do leite. Esse tempo depende do tipo de manifesta\u00e7\u00e3o que o paciente apresenta. Os mais al\u00e9rgicos ficam mais tempo sem leite. As colites al\u00e9rgicas, que s\u00e3o t\u00e3o comuns, isto \u00e9 aquela crian\u00e7a que apresenta sangue nas fezes deve ficar os 6 primeiros meses de vida, em geral.<\/p>\n<h6><strong>Reda\u00e7\u00e3o: Marcelo Matusiak<\/strong><\/h6>\n<h6><strong>Coordena\u00e7\u00e3o: Marcelo Matusiak<\/strong><\/h6>\n<p><center><iframe loading=\"lazy\" src=\"https:\/\/player.jmvstream.com\/fHPLBpjjf9XKtUAcityAS4ACnPNQ72\" allowfullscreen allow=\"autoplay; fullscreen\" frameborder=\"0\" width=\"640\" height=\"360\"><\/iframe><\/center><\/p>\n<\/div><\/div>","protected":false},"excerpt":{"rendered":"<p>Manifesta\u00e7\u00e3o acontece, principalmente, nos primeiros anos de vida da crian\u00e7as O aumento do n\u00famero de casos de todos os tipos de alergias tem preocupado pais e m\u00e9dicos. Os casos incluem a asma (alergia respirat\u00f3ria), a dermatite at\u00f3pica (alergia de pele) e as alergias alimentares. A teoria que existe por tr\u00e1s desse aumento \u00e9 que fatores [&hellip;]<\/p>\n","protected":false},"author":4,"featured_media":23649,"comment_status":"open","ping_status":"open","sticky":false,"template":"","format":"standard","meta":{"footnotes":""},"categories":[1],"tags":[],"class_list":["post-23648","post","type-post","status-publish","format-standard","has-post-thumbnail","hentry","category-sem-categoria"],"_links":{"self":[{"href":"http:\/\/sol.fm.br\/radio\/wp-json\/wp\/v2\/posts\/23648","targetHints":{"allow":["GET"]}}],"collection":[{"href":"http:\/\/sol.fm.br\/radio\/wp-json\/wp\/v2\/posts"}],"about":[{"href":"http:\/\/sol.fm.br\/radio\/wp-json\/wp\/v2\/types\/post"}],"author":[{"embeddable":true,"href":"http:\/\/sol.fm.br\/radio\/wp-json\/wp\/v2\/users\/4"}],"replies":[{"embeddable":true,"href":"http:\/\/sol.fm.br\/radio\/wp-json\/wp\/v2\/comments?post=23648"}],"version-history":[{"count":1,"href":"http:\/\/sol.fm.br\/radio\/wp-json\/wp\/v2\/posts\/23648\/revisions"}],"predecessor-version":[{"id":23650,"href":"http:\/\/sol.fm.br\/radio\/wp-json\/wp\/v2\/posts\/23648\/revisions\/23650"}],"wp:featuredmedia":[{"embeddable":true,"href":"http:\/\/sol.fm.br\/radio\/wp-json\/wp\/v2\/media\/23649"}],"wp:attachment":[{"href":"http:\/\/sol.fm.br\/radio\/wp-json\/wp\/v2\/media?parent=23648"}],"wp:term":[{"taxonomy":"category","embeddable":true,"href":"http:\/\/sol.fm.br\/radio\/wp-json\/wp\/v2\/categories?post=23648"},{"taxonomy":"post_tag","embeddable":true,"href":"http:\/\/sol.fm.br\/radio\/wp-json\/wp\/v2\/tags?post=23648"}],"curies":[{"name":"wp","href":"https:\/\/api.w.org\/{rel}","templated":true}]}}