{"id":30935,"date":"2020-06-15T12:27:18","date_gmt":"2020-06-15T15:27:18","guid":{"rendered":"http:\/\/sol.fm.br\/radio\/?p=30935"},"modified":"2020-06-15T12:27:18","modified_gmt":"2020-06-15T15:27:18","slug":"pais-devem-fazer-uma-interpretacao-equilibrada-e-nao-midiatica-sobre-a-pandemia","status":"publish","type":"post","link":"http:\/\/sol.fm.br\/radio\/pais-devem-fazer-uma-interpretacao-equilibrada-e-nao-midiatica-sobre-a-pandemia\/","title":{"rendered":"Pais devem fazer uma interpreta\u00e7\u00e3o equilibrada e n\u00e3o midi\u00e1tica sobre a pandemia"},"content":{"rendered":"<div id=\"dslc-theme-content\"><div id=\"dslc-theme-content-inner\"><p><em>Di\u00e1logo com as crian\u00e7as e adolescentes \u00e9 fundamental para estabelecer os cuidados necess\u00e1rios na preven\u00e7\u00e3o da pandemia, sem que isso afete a sa\u00fade mental de todos<\/em><\/p>\n<p>A capacidade do adulto de compreens\u00e3o da enxurrada de not\u00edcias sobre a pandemia nos meios de comunica\u00e7\u00e3o \u00e9 totalmente diferente de uma crian\u00e7a ou adolescente. A recomenda\u00e7\u00e3o da Sociedade de Pediatria do Rio Grande do Sul (SPRS) \u00e9 que os pais cumpram, neste momento, o importante papel de fazer o filtro adequado colocando os filhos a par de tudo que est\u00e1 acontecendo, sem deixar que os excessos assustem ou provoquem confus\u00e3o na cabe\u00e7a das crian\u00e7as.<\/p>\n<p>A pediatra e hebiatra da Sociedade de Pediatria do Rio Grande do Sul (SPRS), Susana Estefenon, lembra que em primeiro lugar \u00e9 fundamental conversar sobre essa nova realidade, n\u00e3o somente sobre a doen\u00e7a ou pandemia, mas sobre todo o cen\u00e1rio atual.<\/p>\n<p>\u201c\u00c9 indispens\u00e1vel que haja um di\u00e1logo com as crian\u00e7as e adolescentes explicando que muitas coisas n\u00e3o s\u00e3o para sempre, mas que isso vai durar um tempo. Temos que ter novos h\u00e1bitos. Algumas dificuldades econ\u00f4micas vir\u00e3o e isso precisa ser explicado adaptando \u00e0s verdades segundo a capacidade de compreens\u00e3o de acordo com a idade da crian\u00e7a. O que \u00e9 fundamental \u00e9 que o pai e m\u00e3e ou adulto respons\u00e1vel interprete essas not\u00edcias sobre a pandemia que em muitos casos s\u00e3o invasivas demais\u201d, explica.<\/p>\n<p>O tema vem sendo abordado no Grupo de Trabalho da Sa\u00fade Digital da Sociedade Brasileira de Pediatria, do qual a m\u00e9dica ga\u00facha faz parte. A preocupa\u00e7\u00e3o atual \u00e9 que por meio das telas, isso tudo acaba ficando muito pr\u00f3ximo de todos.<\/p>\n<p>Alguns aspectos devem ser observados com aten\u00e7\u00e3o. O primeiro diz respeito \u00e0s atividades habituais. Crian\u00e7as e adolescentes n\u00e3o est\u00e3o tendo aulas e sua ocupa\u00e7\u00e3o habitual foi alterada. Outro ponto impactante \u00e9 a conviv\u00eancia 24 horas desses adultos estressados e preocupados com tudo ao lado dos filhos. O lado bom \u00e9 que muitos adultos descobriram o valor de poder trabalhar em casa e criar novas formas de conviv\u00eancia e uni\u00e3o familiar.<\/p>\n<p>\u201cVemos que a preocupa\u00e7\u00e3o n\u00e3o \u00e9 s\u00f3 dos infectologistas e epidemiologistas, mas de toda comunidade m\u00e9dica pela sa\u00fade f\u00edsica e mental. Como pediatras, estamos preocupados em como isso impacta na vis\u00e3o de mundo que essas crian\u00e7as e adolescentes est\u00e3o tendo. Antes, est\u00e1vamos preocupados por n\u00e3o ter tempo para manifestar nosso afeto. Agora temos que aproveitar. Uma organiza\u00e7\u00e3o de atividades de estudos, por exemplo, ter\u00e1 um impacto significativo diminuindo a ansiedade e tirando a ang\u00fastia. \u00c9 um grande momento para a fam\u00edlia. Podemos fazer dessa grande crise, uma oportunidade de mudar nosso estilo de vida e a rela\u00e7\u00e3o que temos com a tecnologia\u201d, finaliza Susana.<\/p>\n<hr \/>\n<h6><strong>Reda\u00e7\u00e3o: Marcelo Matusiak<\/strong><br \/>\n<strong>Coordena\u00e7\u00e3o: Marcelo Matusiak<\/strong><\/h6>\n<p><center><iframe loading=\"lazy\" class=\"jmvplayer\" src=\"https:\/\/player.jmvstream.com\/lvw\/YYGWo5wfZuZ8fEW7Qoq1ISwhLSEDhU\" allowfullscreen allow=\"autoplay; fullscreen\" frameborder=\"0\" width=\"640\" height=\"360\" ><\/iframe><\/center><\/p>\n<\/div><\/div>","protected":false},"excerpt":{"rendered":"<p>Di\u00e1logo com as crian\u00e7as e adolescentes \u00e9 fundamental para estabelecer os cuidados necess\u00e1rios na preven\u00e7\u00e3o da pandemia, sem que isso afete a sa\u00fade mental de todos A capacidade do adulto de compreens\u00e3o da enxurrada de not\u00edcias sobre a pandemia nos meios de comunica\u00e7\u00e3o \u00e9 totalmente diferente de uma crian\u00e7a ou adolescente. A recomenda\u00e7\u00e3o da Sociedade [&hellip;]<\/p>\n","protected":false},"author":4,"featured_media":30936,"comment_status":"open","ping_status":"open","sticky":false,"template":"","format":"standard","meta":{"footnotes":""},"categories":[1],"tags":[],"class_list":["post-30935","post","type-post","status-publish","format-standard","has-post-thumbnail","hentry","category-sem-categoria"],"_links":{"self":[{"href":"http:\/\/sol.fm.br\/radio\/wp-json\/wp\/v2\/posts\/30935","targetHints":{"allow":["GET"]}}],"collection":[{"href":"http:\/\/sol.fm.br\/radio\/wp-json\/wp\/v2\/posts"}],"about":[{"href":"http:\/\/sol.fm.br\/radio\/wp-json\/wp\/v2\/types\/post"}],"author":[{"embeddable":true,"href":"http:\/\/sol.fm.br\/radio\/wp-json\/wp\/v2\/users\/4"}],"replies":[{"embeddable":true,"href":"http:\/\/sol.fm.br\/radio\/wp-json\/wp\/v2\/comments?post=30935"}],"version-history":[{"count":1,"href":"http:\/\/sol.fm.br\/radio\/wp-json\/wp\/v2\/posts\/30935\/revisions"}],"predecessor-version":[{"id":30937,"href":"http:\/\/sol.fm.br\/radio\/wp-json\/wp\/v2\/posts\/30935\/revisions\/30937"}],"wp:featuredmedia":[{"embeddable":true,"href":"http:\/\/sol.fm.br\/radio\/wp-json\/wp\/v2\/media\/30936"}],"wp:attachment":[{"href":"http:\/\/sol.fm.br\/radio\/wp-json\/wp\/v2\/media?parent=30935"}],"wp:term":[{"taxonomy":"category","embeddable":true,"href":"http:\/\/sol.fm.br\/radio\/wp-json\/wp\/v2\/categories?post=30935"},{"taxonomy":"post_tag","embeddable":true,"href":"http:\/\/sol.fm.br\/radio\/wp-json\/wp\/v2\/tags?post=30935"}],"curies":[{"name":"wp","href":"https:\/\/api.w.org\/{rel}","templated":true}]}}