{"id":46687,"date":"2022-04-04T15:17:38","date_gmt":"2022-04-04T18:17:38","guid":{"rendered":"http:\/\/sol.fm.br\/radio\/?p=46687"},"modified":"2022-04-04T15:17:38","modified_gmt":"2022-04-04T18:17:38","slug":"retomada-de-voo-direto-para-europa-e-abertura-do-rs-para-o-mundo-diz-ranolfo","status":"publish","type":"post","link":"http:\/\/sol.fm.br\/radio\/retomada-de-voo-direto-para-europa-e-abertura-do-rs-para-o-mundo-diz-ranolfo\/","title":{"rendered":"Retomada de voo direto para Europa \u00e9 abertura do RS para o mundo, diz Ranolfo"},"content":{"rendered":"<div id=\"dslc-theme-content\"><div id=\"dslc-theme-content-inner\"><p>A retomada do voo direto entre Porto Alegre e Lisboa foi tratada, nesta segunda-feira (4\/4), em reuni\u00e3o entre o governador Ranolfo Vieira J\u00fanior e a CEO da Tap Air Portugal, Christine Ourmi\u00e8res-Widener. Em 29 de mar\u00e7o, a companhia a\u00e9rea voltou a fazer a rota, suspensa h\u00e1 dois anos em raz\u00e3o da pandemia de coronoav\u00edrus. A liga\u00e7\u00e3o direta foi iniciada em junho de 2011.<\/p>\n<p>O governador Ranolfo destacou que a iniciativa da Tap \u00e9 a abertura do Rio Grande do Sul para o mundo. <em>\"N\u00f3s, que retomamos o equil\u00edbrio fiscal e realizamos uma s\u00e9rie de investimentos no Estado, louvamos esta importante decis\u00e3o para o desenvolvimento do Rio Grande do Sul\"<\/em>, acrescenta.<\/p>\n<p>Para o secret\u00e1rio adjunto de Desenvolvimento Econ\u00f4mico, Joel Maraschin <em>\u201c\u00e9 muito importante essa retomada encurtando dist\u00e2ncias e na busca de novos investidores para o Estado\u201d<\/em>. As frequ\u00eancias s\u00e3o ter\u00e7as, quintas e s\u00e1bados.<\/p>\n<p><em>\u201cNeste momento, s\u00e3o tr\u00eas voos semanais, mas, se houver demanda, n\u00e3o est\u00e1 descartado o aumento deste n\u00famero\u201d<\/em>, afirmou a executiva da companhia a\u00e9rea. Ranolfo destacou que o Rio Grande do Sul tem potencial para ampliar a frequ\u00eancia. O governador lembrou o avan\u00e7o que o Estado registra na avia\u00e7\u00e3o regional. S\u00e3o 12 munic\u00edpios com liga\u00e7\u00e3o a\u00e9rea para a capital ga\u00facha ou S\u00e3o Paulo.<\/p>\n<p>O encontro tamb\u00e9m contou com a presen\u00e7a do diretor de promo\u00e7\u00e3o comercial e assuntos internacionais da Secretaria de Desenvolvimento Econ\u00f4mico, Leonardo Neves; e do l\u00edder do governo da Assembleia Legislativa, Frederico Antunes. No final da reuni\u00e3o, os executivos da TAP conheceram o hist\u00f3rico Pal\u00e1cio Piratini.<\/p>\n<p>No total, s\u00e3o 11 as cidades do Brasil que a TAP liga diretamente \u00e0 Europa. O voo Lisboa\u2013Porto Alegre \u00e9 o segundo mais longo operado pela TAP, apenas depois de San Francisco (EUA).<\/p>\n<hr \/>\n<h6><strong>Texto: Andrea Martins |\u00a0Edi\u00e7\u00e3o: Marcelo Flach\/Secom |\u00a0Foto: Itamar Aguiar \/ Pal\u00e1cio Piratini<\/strong><\/h6>\n<p><center><iframe loading=\"lazy\" class=\"jmvplayer\" src=\"https:\/\/player.jmvstream.com\/lvw\/YYGWo5wfZuZ8fEW7Qoq1ISwhLSEDhU\" width=\"640\" height=\"360\" frameborder=\"0\" allowfullscreen=\"allowfullscreen\"><\/iframe><\/center><\/p>\n<h6><\/h6>\n<\/div><\/div>","protected":false},"excerpt":{"rendered":"<p>A retomada do voo direto entre Porto Alegre e Lisboa foi tratada, nesta segunda-feira (4\/4), em reuni\u00e3o entre o governador Ranolfo Vieira J\u00fanior e a CEO da Tap Air Portugal, Christine Ourmi\u00e8res-Widener. Em 29 de mar\u00e7o, a companhia a\u00e9rea voltou a fazer a rota, suspensa h\u00e1 dois anos em raz\u00e3o da pandemia de coronoav\u00edrus. A [&hellip;]<\/p>\n","protected":false},"author":4,"featured_media":46688,"comment_status":"open","ping_status":"open","sticky":false,"template":"","format":"standard","meta":{"footnotes":""},"categories":[1],"tags":[],"class_list":["post-46687","post","type-post","status-publish","format-standard","has-post-thumbnail","hentry","category-sem-categoria"],"_links":{"self":[{"href":"http:\/\/sol.fm.br\/radio\/wp-json\/wp\/v2\/posts\/46687","targetHints":{"allow":["GET"]}}],"collection":[{"href":"http:\/\/sol.fm.br\/radio\/wp-json\/wp\/v2\/posts"}],"about":[{"href":"http:\/\/sol.fm.br\/radio\/wp-json\/wp\/v2\/types\/post"}],"author":[{"embeddable":true,"href":"http:\/\/sol.fm.br\/radio\/wp-json\/wp\/v2\/users\/4"}],"replies":[{"embeddable":true,"href":"http:\/\/sol.fm.br\/radio\/wp-json\/wp\/v2\/comments?post=46687"}],"version-history":[{"count":1,"href":"http:\/\/sol.fm.br\/radio\/wp-json\/wp\/v2\/posts\/46687\/revisions"}],"predecessor-version":[{"id":46689,"href":"http:\/\/sol.fm.br\/radio\/wp-json\/wp\/v2\/posts\/46687\/revisions\/46689"}],"wp:featuredmedia":[{"embeddable":true,"href":"http:\/\/sol.fm.br\/radio\/wp-json\/wp\/v2\/media\/46688"}],"wp:attachment":[{"href":"http:\/\/sol.fm.br\/radio\/wp-json\/wp\/v2\/media?parent=46687"}],"wp:term":[{"taxonomy":"category","embeddable":true,"href":"http:\/\/sol.fm.br\/radio\/wp-json\/wp\/v2\/categories?post=46687"},{"taxonomy":"post_tag","embeddable":true,"href":"http:\/\/sol.fm.br\/radio\/wp-json\/wp\/v2\/tags?post=46687"}],"curies":[{"name":"wp","href":"https:\/\/api.w.org\/{rel}","templated":true}]}}