{"id":46691,"date":"2022-04-04T15:22:26","date_gmt":"2022-04-04T18:22:26","guid":{"rendered":"http:\/\/sol.fm.br\/radio\/?p=46691"},"modified":"2022-04-04T15:22:26","modified_gmt":"2022-04-04T18:22:26","slug":"sebrae-rs-lanca-programa-de-transformacao-digital-para-pequenos-negocios","status":"publish","type":"post","link":"http:\/\/sol.fm.br\/radio\/sebrae-rs-lanca-programa-de-transformacao-digital-para-pequenos-negocios\/","title":{"rendered":"Sebrae RS lan\u00e7a programa de transforma\u00e7\u00e3o digital para pequenos neg\u00f3cios"},"content":{"rendered":"<div id=\"dslc-theme-content\"><div id=\"dslc-theme-content-inner\"><p dir=\"ltr\">Com inscri\u00e7\u00f5es abertas at\u00e9 esta sexta-feira 08\/04 , iniciativa oferece jornada digital com complemento de um b\u00f4nus tecnol\u00f3gico entre R$ 5 mil e R$ 30 mil para est\u00edmulo \u00e0 inova\u00e7\u00e3o de pequenas empresas<\/p>\n<p dir=\"ltr\">Alinhado \u00e0 realidade da nova economia e \u00e0s demandas do mercado de micro e pequenas empresas, o Sebrae RS est\u00e1 lan\u00e7ando, por meio de uma chamada p\u00fablica, a primeira edi\u00e7\u00e3o do Alavanca Digital - Programa para Transforma\u00e7\u00e3o Digital dos Pequenos Neg\u00f3cios. A iniciativa possui aporte de R$ 2 milh\u00f5es que ser\u00e3o destinados a empresas que poder\u00e3o usufruir de um b\u00f4nus entre R$ 5 mil e R$ 30 mil conforme particularidades de cada projeto, al\u00e9m de uma jornada de acompanhamento criada exclusivamente para o programa. A empresa a ser beneficiada dever\u00e1 aportar somente 10% do valor solicitado.<\/p>\n<p dir=\"ltr\">Em sua primeira edi\u00e7\u00e3o, o programa ser\u00e1 realizado ao longo de 2022 em dois ciclos. O primeiro deles est\u00e1 com inscri\u00e7\u00f5es abertas para a submiss\u00e3o de propostas at\u00e9 08\/04, pelo<a href=\"https:\/\/bit.ly\/alavancadigital2022\" target=\"_blank\" rel=\"noopener noreferrer\"> https:\/\/bit.ly\/alavancadigital2022<\/a>. As atividades est\u00e3o previstas para iniciarem em julho. Para o segundo ciclo, a submiss\u00e3o das propostas est\u00e1 prevista para o segundo semestre. Interessados podem obter informa\u00e7\u00f5es pelo <a href=\"mailto:alavancadigital@sebraers.com.br\" rel=\"noreferrer\">alavancadigital@sebraers.com.br<\/a>.<\/p>\n<p dir=\"ltr\">O programa Alavanca Digital contempla duas categorias para submiss\u00e3o das propostas: Digital 1, para empresas; e o Digital 2, voltado para Institui\u00e7\u00e3o Cient\u00edfica Tecnol\u00f3gica (ICT). O produto, processo e\/ou servi\u00e7o objeto das propostas e que ser\u00e3o transformados digitalmente devem estar conectado pelo menos a um dos quatro eixos de transforma\u00e7\u00e3o: Gest\u00e3o Financeira, Marketing &amp; Vendas, Pessoas, e Cadeia de Suprimentos. O cronograma de a\u00e7\u00f5es do programa prev\u00ea uma jornada dividida em quatro grandes etapas: Autodiagn\u00f3stico Digital, Sensibiliza\u00e7\u00e3o, Implementa\u00e7\u00e3o e Medi\u00e7\u00e3o de Impacto, a serem desenvolvidas ao longo de no m\u00e1ximo doze meses em encontros presenciais e virtuais. A etapa de Implementa\u00e7\u00e3o deve ser executada por uma Institui\u00e7\u00e3o Cient\u00edfica Tecnol\u00f3gica (ICT) ou por uma Empresa Prestadora de Servi\u00e7o Especializado (EPSE).<\/p>\n<p dir=\"ltr\">O programa \u00e9 um instrumento do Novo Marco Legal da Inova\u00e7\u00e3o (2016) e baseia-se em um modelo inovador de subven\u00e7\u00e3o para Micro e Pequenas Empresas. O Sebrae RS \u00e9 a primeira unidade da organiza\u00e7\u00e3o no Pa\u00eds a oferecer b\u00f4nus tecnol\u00f3gico por meio do Laborat\u00f3rio de Experimenta\u00e7\u00e3o do Sebrae, o XLab. Segundo a especialista em inova\u00e7\u00e3o do Sebrae RS, Dafne Quintas Waszak Agarrallua, a iniciativa \u00e9 fruto de pesquisa elaborada pelo Sebrae RS junto \u00e0s pequenas empresas que sinalizaram a digitaliza\u00e7\u00e3o como principal necessidade para evolu\u00e7\u00e3o de seu neg\u00f3cio. <em>\"Como o pr\u00f3prio nome diz, o programa se prop\u00f5e a funcionar como um instrumento de fomento \u00e0 inova\u00e7\u00e3o trazendo solu\u00e7\u00f5es que s\u00e3o alinhadas \u00e0 realidade de cada projeto\"<\/em>, explica.<\/p>\n<p dir=\"ltr\"><strong>MPEs ga\u00fachas buscam transforma\u00e7\u00e3o digital<\/strong><\/p>\n<p dir=\"ltr\">O programa \u00e9 lan\u00e7ado em um momento onde as MPEs ga\u00fachas est\u00e3o em busca de uma transi\u00e7\u00e3o dos neg\u00f3cios para o modelo digital. Dados levantados pelo Sebrae RS na 20\u00aa edi\u00e7\u00e3o Pesquisa de Monitoramento dos Pequenos Neg\u00f3cios, divulgada neste m\u00eas,\u00a0 apontam que mais da metade (56%) das Micro e Pequenas Empresas (MPEs) do Estado aceleraram este processo e investiram em tecnologia e solu\u00e7\u00f5es digitais para fazer frente aos desafios impostos pela Covid-19, especialmente a mudan\u00e7a de comportamento dos consumidores.<\/p>\n<p dir=\"ltr\">As \u00e1reas mais impactadas pela digitaliza\u00e7\u00e3o dos neg\u00f3cios foram: atendimento ao cliente e vendas (67%), marketing e divulga\u00e7\u00e3o (62%), gest\u00e3o (29%) e relacionamento com fornecedores (24%). A pesquisa tamb\u00e9m indicou que uma em cada tr\u00eas empresas (31%) s\u00e3o nativas digitais, ou seja, t\u00eam o seu neg\u00f3cio baseado em novas tecnologias e recursos digitais, tanto no que diz respeito \u00e0 sua estrat\u00e9gia quanto \u00e0 opera\u00e7\u00e3o.<\/p>\n<hr \/>\n<h6 dir=\"ltr\"><strong>Assessoria de Imprensa Sebrae RS | Foto: Freepik<\/strong><\/h6>\n<p><center><iframe loading=\"lazy\" class=\"jmvplayer\" src=\"https:\/\/player.jmvstream.com\/lvw\/YYGWo5wfZuZ8fEW7Qoq1ISwhLSEDhU\" width=\"640\" height=\"360\" frameborder=\"0\" allowfullscreen=\"allowfullscreen\"><\/iframe><\/center><\/p>\n<h6 dir=\"ltr\"><\/h6>\n<\/div><\/div>","protected":false},"excerpt":{"rendered":"<p>Com inscri\u00e7\u00f5es abertas at\u00e9 esta sexta-feira 08\/04 , iniciativa oferece jornada digital com complemento de um b\u00f4nus tecnol\u00f3gico entre R$ 5 mil e R$ 30 mil para est\u00edmulo \u00e0 inova\u00e7\u00e3o de pequenas empresas Alinhado \u00e0 realidade da nova economia e \u00e0s demandas do mercado de micro e pequenas empresas, o Sebrae RS est\u00e1 lan\u00e7ando, por [&hellip;]<\/p>\n","protected":false},"author":4,"featured_media":46692,"comment_status":"open","ping_status":"open","sticky":false,"template":"","format":"standard","meta":{"footnotes":""},"categories":[1],"tags":[],"class_list":["post-46691","post","type-post","status-publish","format-standard","has-post-thumbnail","hentry","category-sem-categoria"],"_links":{"self":[{"href":"http:\/\/sol.fm.br\/radio\/wp-json\/wp\/v2\/posts\/46691","targetHints":{"allow":["GET"]}}],"collection":[{"href":"http:\/\/sol.fm.br\/radio\/wp-json\/wp\/v2\/posts"}],"about":[{"href":"http:\/\/sol.fm.br\/radio\/wp-json\/wp\/v2\/types\/post"}],"author":[{"embeddable":true,"href":"http:\/\/sol.fm.br\/radio\/wp-json\/wp\/v2\/users\/4"}],"replies":[{"embeddable":true,"href":"http:\/\/sol.fm.br\/radio\/wp-json\/wp\/v2\/comments?post=46691"}],"version-history":[{"count":1,"href":"http:\/\/sol.fm.br\/radio\/wp-json\/wp\/v2\/posts\/46691\/revisions"}],"predecessor-version":[{"id":46693,"href":"http:\/\/sol.fm.br\/radio\/wp-json\/wp\/v2\/posts\/46691\/revisions\/46693"}],"wp:featuredmedia":[{"embeddable":true,"href":"http:\/\/sol.fm.br\/radio\/wp-json\/wp\/v2\/media\/46692"}],"wp:attachment":[{"href":"http:\/\/sol.fm.br\/radio\/wp-json\/wp\/v2\/media?parent=46691"}],"wp:term":[{"taxonomy":"category","embeddable":true,"href":"http:\/\/sol.fm.br\/radio\/wp-json\/wp\/v2\/categories?post=46691"},{"taxonomy":"post_tag","embeddable":true,"href":"http:\/\/sol.fm.br\/radio\/wp-json\/wp\/v2\/tags?post=46691"}],"curies":[{"name":"wp","href":"https:\/\/api.w.org\/{rel}","templated":true}]}}