{"id":46694,"date":"2022-04-04T16:33:26","date_gmt":"2022-04-04T19:33:26","guid":{"rendered":"http:\/\/sol.fm.br\/radio\/?p=46694"},"modified":"2022-04-05T11:02:12","modified_gmt":"2022-04-05T14:02:12","slug":"secretaria-de-educacao-de-rolante-apresenta-programa-de-cooperativas-escolares-em-santa-catarina","status":"publish","type":"post","link":"http:\/\/sol.fm.br\/radio\/secretaria-de-educacao-de-rolante-apresenta-programa-de-cooperativas-escolares-em-santa-catarina\/","title":{"rendered":"Secretaria de Educa\u00e7\u00e3o de Rolante apresenta Programa de Cooperativas Escolares em Santa Catarina"},"content":{"rendered":"<div id=\"dslc-theme-content\"><div id=\"dslc-theme-content-inner\"><p>A Secretaria de Educa\u00e7\u00e3o de Rolante apresentou o Programa de Cooperativas Escolares desenvolvido no munic\u00edpio, na cidade de Lauro M\u00fcller, em Santa Catarina, no dia 30 de mar\u00e7o.<\/p>\n<p>O Programa foi apresentado pela secret\u00e1ria de Educa\u00e7\u00e3o e Esportes, Simone Tadiotto, juntamente com uma comitiva formada pela vereadora e professora Bibiana da Silva, respons\u00e1vel pelas cooperativas na Secretaria, Josiane Pospichil, coordenadoras do Ensino Fundamental, e pelos orientadores de cada cooperativa em sua respectiva escola.<\/p>\n<p>\u201cFomos a Lauro M\u00fcller a convite da prefeita Saionara Correa De Carvalho Bora e da equipe da Secretaria de Educa\u00e7\u00e3o, que se inspira no trabalho realizado em Rolante para fundar cooperativas escolares no munic\u00edpio catarinense. Apresentamos o Programa das Cooperativas Escolares, realizado em parceria com a Funda\u00e7\u00e3o Sicredi, para um grupo de aproximadamente cem pessoas e conhecemos as escolas catarinenses que pretendem aderir ao Programa. Foi muito bom mostrar nosso trabalho e fazer este interc\u00e2mbio de experi\u00eancias e projetos\u201d, comenta a secret\u00e1ria Simone.<img loading=\"lazy\" decoding=\"async\" class=\" wp-image-46695 aligncenter\" src=\"http:\/\/sol.fm.br\/radio\/wp-content\/uploads\/2022\/04\/2-1-400x300.jpeg\" alt=\"\" width=\"431\" height=\"323\" srcset=\"http:\/\/sol.fm.br\/radio\/wp-content\/uploads\/2022\/04\/2-1-400x300.jpeg 400w, http:\/\/sol.fm.br\/radio\/wp-content\/uploads\/2022\/04\/2-1-768x576.jpeg 768w, http:\/\/sol.fm.br\/radio\/wp-content\/uploads\/2022\/04\/2-1.jpeg 1280w\" sizes=\"auto, (max-width: 431px) 100vw, 431px\" \/><\/p>\n<p>Rolante possui, atualmente, cinco cooperativas, com a participa\u00e7\u00e3o de mais de 200 estudantes e cada uma comercializa seus produtos.<br \/>\nCooperburgo (Escola Oldenburgo) \u2013 sacolas de pano retorn\u00e1veis.<br \/>\nCOOPER.E.I.(Escola Independ\u00eancia) \u2013 marcador de p\u00e1gina de papel reciclado, agendas decoradas, chaveiros e horta escolar.<br \/>\nCooperSanta (Escola Santa Terezinha) \u2013 chinelos customizados.<br \/>\nCooperZimmer (Escola Hugo Zimmer) \u2013 pano de prato, avental e sacola retorn\u00e1vel com aplica\u00e7\u00e3o de patchwork.<br \/>\nUniSanto \u2013 suculentas.<\/p>\n<hr \/>\n<h6><strong>Prefeitura Municipal de Rolante | Fotos:\u00a0Secretaria de Educa\u00e7\u00e3o de Rolante<\/strong><\/h6>\n<p><center><iframe loading=\"lazy\" class=\"jmvplayer\" src=\"https:\/\/player.jmvstream.com\/lvw\/YYGWo5wfZuZ8fEW7Qoq1ISwhLSEDhU\" width=\"640\" height=\"360\" frameborder=\"0\" allowfullscreen=\"allowfullscreen\"><\/iframe><\/center><\/p>\n<h6><\/h6>\n<\/div><\/div>","protected":false},"excerpt":{"rendered":"<p>A Secretaria de Educa\u00e7\u00e3o de Rolante apresentou o Programa de Cooperativas Escolares desenvolvido no munic\u00edpio, na cidade de Lauro M\u00fcller, em Santa Catarina, no dia 30 de mar\u00e7o. O Programa foi apresentado pela secret\u00e1ria de Educa\u00e7\u00e3o e Esportes, Simone Tadiotto, juntamente com uma comitiva formada pela vereadora e professora Bibiana da Silva, respons\u00e1vel pelas cooperativas [&hellip;]<\/p>\n","protected":false},"author":4,"featured_media":46696,"comment_status":"open","ping_status":"open","sticky":false,"template":"","format":"standard","meta":{"footnotes":""},"categories":[1],"tags":[],"class_list":["post-46694","post","type-post","status-publish","format-standard","has-post-thumbnail","hentry","category-sem-categoria"],"_links":{"self":[{"href":"http:\/\/sol.fm.br\/radio\/wp-json\/wp\/v2\/posts\/46694","targetHints":{"allow":["GET"]}}],"collection":[{"href":"http:\/\/sol.fm.br\/radio\/wp-json\/wp\/v2\/posts"}],"about":[{"href":"http:\/\/sol.fm.br\/radio\/wp-json\/wp\/v2\/types\/post"}],"author":[{"embeddable":true,"href":"http:\/\/sol.fm.br\/radio\/wp-json\/wp\/v2\/users\/4"}],"replies":[{"embeddable":true,"href":"http:\/\/sol.fm.br\/radio\/wp-json\/wp\/v2\/comments?post=46694"}],"version-history":[{"count":2,"href":"http:\/\/sol.fm.br\/radio\/wp-json\/wp\/v2\/posts\/46694\/revisions"}],"predecessor-version":[{"id":46711,"href":"http:\/\/sol.fm.br\/radio\/wp-json\/wp\/v2\/posts\/46694\/revisions\/46711"}],"wp:featuredmedia":[{"embeddable":true,"href":"http:\/\/sol.fm.br\/radio\/wp-json\/wp\/v2\/media\/46696"}],"wp:attachment":[{"href":"http:\/\/sol.fm.br\/radio\/wp-json\/wp\/v2\/media?parent=46694"}],"wp:term":[{"taxonomy":"category","embeddable":true,"href":"http:\/\/sol.fm.br\/radio\/wp-json\/wp\/v2\/categories?post=46694"},{"taxonomy":"post_tag","embeddable":true,"href":"http:\/\/sol.fm.br\/radio\/wp-json\/wp\/v2\/tags?post=46694"}],"curies":[{"name":"wp","href":"https:\/\/api.w.org\/{rel}","templated":true}]}}