{"id":46698,"date":"2022-04-04T16:35:05","date_gmt":"2022-04-04T19:35:05","guid":{"rendered":"http:\/\/sol.fm.br\/radio\/?p=46698"},"modified":"2022-04-04T16:35:05","modified_gmt":"2022-04-04T19:35:05","slug":"rolante-e-contemplado-na-3a-etapa-do-programa-avancar-saude","status":"publish","type":"post","link":"http:\/\/sol.fm.br\/radio\/rolante-e-contemplado-na-3a-etapa-do-programa-avancar-saude\/","title":{"rendered":"Rolante \u00e9 contemplado na 3\u00aa etapa do Programa Avan\u00e7ar Sa\u00fade"},"content":{"rendered":"<div id=\"dslc-theme-content\"><div id=\"dslc-theme-content-inner\"><p>O munic\u00edpio de Rolante foi contemplado na 3\u00aa etapa do Programa Avan\u00e7ar Sa\u00fade, do Governo do Estado, com o projeto de amplia\u00e7\u00e3o e reforma da Unidade B\u00e1sica de Sa\u00fade do Bairro Imocasa.<\/p>\n<p>O an\u00fancio foi feito na \u00faltima quinta-feira, 31, no Pal\u00e1cio Piratini, quando o ent\u00e3o governador Eduardo Leite e a secret\u00e1ria estadual da Sa\u00fade, Arita Bergmann, anunciaram os munic\u00edpios contemplados nesta etapa. Rolante receber\u00e1 R$ 152.711,60 atrav\u00e9s do Programa.<\/p>\n<p>O prefeito Pedro Rippel, juntamente com o secret\u00e1rio de Sa\u00fade, Ricardo Gon\u00e7alves, e o coordenador de Sa\u00fade, Diego Valandro, participou da solenidade em Porto Alegre.<\/p>\n<p><em>\u201cNesta etapa apenas 76 munic\u00edpios foram contemplados e Rolante estava entre eles porque nos preocupamos em sempre termos bons projetos para irmos em busca dos recursos. Com este valor vamos poder ampliar e reestruturar algumas salas para podermos oferecer um atendimento com mais conforto e qualidade para a nossa comunidade, que \u00e9 o objetivo principal do nosso trabalho di\u00e1rio, atender cada vez melhor a popula\u00e7\u00e3o rolantense\u201d<\/em>, salienta Rippel.<\/p>\n<hr \/>\n<h6><strong>Prefeitura Municipal de Rolante | Foto: Diego Valandro<\/strong><\/h6>\n<p><center><iframe loading=\"lazy\" class=\"jmvplayer\" src=\"https:\/\/player.jmvstream.com\/lvw\/YYGWo5wfZuZ8fEW7Qoq1ISwhLSEDhU\" width=\"640\" height=\"360\" frameborder=\"0\" allowfullscreen=\"allowfullscreen\"><\/iframe><\/center><\/p>\n<\/div><\/div>","protected":false},"excerpt":{"rendered":"<p>O munic\u00edpio de Rolante foi contemplado na 3\u00aa etapa do Programa Avan\u00e7ar Sa\u00fade, do Governo do Estado, com o projeto de amplia\u00e7\u00e3o e reforma da Unidade B\u00e1sica de Sa\u00fade do Bairro Imocasa. O an\u00fancio foi feito na \u00faltima quinta-feira, 31, no Pal\u00e1cio Piratini, quando o ent\u00e3o governador Eduardo Leite e a secret\u00e1ria estadual da Sa\u00fade, [&hellip;]<\/p>\n","protected":false},"author":4,"featured_media":46699,"comment_status":"open","ping_status":"open","sticky":false,"template":"","format":"standard","meta":{"footnotes":""},"categories":[1],"tags":[],"class_list":["post-46698","post","type-post","status-publish","format-standard","has-post-thumbnail","hentry","category-sem-categoria"],"_links":{"self":[{"href":"http:\/\/sol.fm.br\/radio\/wp-json\/wp\/v2\/posts\/46698","targetHints":{"allow":["GET"]}}],"collection":[{"href":"http:\/\/sol.fm.br\/radio\/wp-json\/wp\/v2\/posts"}],"about":[{"href":"http:\/\/sol.fm.br\/radio\/wp-json\/wp\/v2\/types\/post"}],"author":[{"embeddable":true,"href":"http:\/\/sol.fm.br\/radio\/wp-json\/wp\/v2\/users\/4"}],"replies":[{"embeddable":true,"href":"http:\/\/sol.fm.br\/radio\/wp-json\/wp\/v2\/comments?post=46698"}],"version-history":[{"count":1,"href":"http:\/\/sol.fm.br\/radio\/wp-json\/wp\/v2\/posts\/46698\/revisions"}],"predecessor-version":[{"id":46700,"href":"http:\/\/sol.fm.br\/radio\/wp-json\/wp\/v2\/posts\/46698\/revisions\/46700"}],"wp:featuredmedia":[{"embeddable":true,"href":"http:\/\/sol.fm.br\/radio\/wp-json\/wp\/v2\/media\/46699"}],"wp:attachment":[{"href":"http:\/\/sol.fm.br\/radio\/wp-json\/wp\/v2\/media?parent=46698"}],"wp:term":[{"taxonomy":"category","embeddable":true,"href":"http:\/\/sol.fm.br\/radio\/wp-json\/wp\/v2\/categories?post=46698"},{"taxonomy":"post_tag","embeddable":true,"href":"http:\/\/sol.fm.br\/radio\/wp-json\/wp\/v2\/tags?post=46698"}],"curies":[{"name":"wp","href":"https:\/\/api.w.org\/{rel}","templated":true}]}}