{"id":46702,"date":"2022-04-05T09:09:54","date_gmt":"2022-04-05T12:09:54","guid":{"rendered":"http:\/\/sol.fm.br\/radio\/?p=46702"},"modified":"2022-04-05T09:09:54","modified_gmt":"2022-04-05T12:09:54","slug":"ranolfo-da-posse-a-novos-secretarios-de-estado","status":"publish","type":"post","link":"http:\/\/sol.fm.br\/radio\/ranolfo-da-posse-a-novos-secretarios-de-estado\/","title":{"rendered":"Ranolfo d\u00e1 posse a novos secret\u00e1rios de Estado"},"content":{"rendered":"<div id=\"dslc-theme-content\"><div id=\"dslc-theme-content-inner\"><p dir=\"ltr\">O governador Ranolfo Vieira J\u00fanior anunciou, nesta segunda-feira (4\/3), no Pal\u00e1cio Piratini, mudan\u00e7as na composi\u00e7\u00e3o do secretariado. Ao todo, foram apresentados 11 novos nomes. O total de 25 secretarias, sendo tr\u00eas extraordin\u00e1rias ligadas ao gabinete do governador, permaneceu inalterado.<\/p>\n<p>Ranolfo refor\u00e7ou o reconhecimento do governo do Estado pelo trabalho dos secret\u00e1rios que se desligaram das pastas. <em>\u201cAgrade\u00e7o o empenho e a dedica\u00e7\u00e3o daqueles que deixaram a titularidade das secretarias. Todos foram fundamentais para que cheg\u00e1ssemos a este momento\u201d<\/em>, afirmou.<\/p>\n<p>O governador disse que os novos nomes que passam a integrar o secretariado dialogam com o trabalho feito at\u00e9 ent\u00e3o sob o comando do ex-governador Eduardo Leite e refor\u00e7ou a confian\u00e7a na capacidade dos novos titulares. <em>\u201cTeremos nove meses de governo pela frente e n\u00e3o vamos reinventar a roda, vamos dar continuidade ao que estava sendo feito\u201d<\/em>, projetou.<\/p>\n<p><strong>NOVOS SECRET\u00c1RIOS<\/strong><\/p>\n<p><strong>Secretaria da Igualdade, Cidadania, Direitos Humanos e Assist\u00eancia Social<br \/>\n<\/strong>Marcia Pires de la Torre<\/p>\n<p>Graduada em Hist\u00f3ria pela Funda\u00e7\u00e3o Universidade Federal do Rio Grande (Furg). Nos anos 1990, foi diretora t\u00e9cnica e depois presidente da Funda\u00e7\u00e3o Ga\u00facha do Trabalho e A\u00e7\u00e3o Social (FGTAS). Na secretaria da Agricultura, coordenou programas sociais e foi respons\u00e1vel pela coordena\u00e7\u00e3o do Setor de Assist\u00eancia Social do Programa Pr\u00f3-Rural no RS, visando o combate \u00e0 pobreza rural no Estado.\u00a0Atualmente, estava como secret\u00e1ria adjunta da Secretaria da Igualdade, Cidadania, Direitos Humanos e Assist\u00eancia Social.<\/p>\n<p><strong>Secretaria de Log\u00edstica e Transportes<br \/>\n<\/strong>Luiz Gustavo de Souza<\/p>\n<p>Natural de Frederico Westphalen, \u00e9 tecn\u00f3logo em Processos Gerenciais e bacharel em Administra\u00e7\u00e3o. Iniciou a vida p\u00fablica em 1993, como secret\u00e1rio de Fomento Econ\u00f4mico (Agricultura, Ind\u00fastria e Com\u00e9rcio) no munic\u00edpio de Pinhal. Foi prefeito de Pinhal entre 2001 e 2004 e presidente da Associa\u00e7\u00e3o de Munic\u00edpios da Zona de Produ\u00e7\u00e3o e do Cons\u00f3rcio Intermunicipal de Sa\u00fade do M\u00e9dio Alto Uruguai. Na administra\u00e7\u00e3o p\u00fablica, ocupou os cargos de diretor Administrativo e Financeiro e superintendente da Superintend\u00eancia de Portos e Hidrovias do Estado (2006-2007), superintendente t\u00e9cnico e de rela\u00e7\u00f5es institucionais da Federa\u00e7\u00e3o das Associa\u00e7\u00f5es de Munic\u00edpios do Rio Grande do Sul (2018-2019). A partir de 2019, assumiu como diretor-geral e secret\u00e1rio adjunto na Secretaria de Log\u00edstica e Transporte do Estado (Selt).<\/p>\n<p><strong>Secret\u00e1ria Extraordin\u00e1ria de Estado - Chefe de Gabinete<\/strong><br \/>\nFl\u00e1via Colossi Frey<\/p>\n<p>Delegada aposentada da Pol\u00edcia Civil, \u00e9 advogada e mestre em Direito pela Universidade de Santa Cruz do Sul (Unisc). Foi chefe de gabinete do vice-governador Ranolfo Vieira J\u00fanior ao longo de toda a gest\u00e3o. Na Pol\u00edcia Civil (1998-2015), foi delegada regional de Lajeado, al\u00e9m de comandar as delegacias dos munic\u00edpios de Triunfo, Encantado, Bom Retiro do Sul e Porto Alegre. Foi conselheira no Conselho Superior da Pol\u00edcia e professora na Academia da Pol\u00edcia Civil (Acadepol-RS). De 2005 a 2018, lecionou nos cursos de gradua\u00e7\u00e3o e p\u00f3s-gradua\u00e7\u00e3o em Direito da Universidade do Vale do Taquari (Univates). Por mais de uma d\u00e9cada, advogou no Vale do Rio Pardo. Em 2018, foi secret\u00e1ria adjunta de Seguran\u00e7a P\u00fablica e Cidadania de Canoas.<\/p>\n<p><strong>Secretaria da Seguran\u00e7a P\u00fablica<\/strong><br \/>\nVanius Cesar Santarosa<\/p>\n<p>Natural de Bento Gon\u00e7alves, \u00e9 coronel da reserva da Brigada Militar. Ingressou na carreira de oficiais da BM em 1987. Com habilita\u00e7\u00e3o para avi\u00f5es e helic\u00f3ptero, atuou por 15 anos no Batalh\u00e3o de Avia\u00e7\u00e3o da BM (BAV-BM). Em 2017 foi promovido a tenente-coronel, assumindo a chefia do Estado-Maior do Comando Regional de Pol\u00edcia Ostensiva do Vale do Rio dos Sinos. Em 2019, passou ao posto de chefe de Opera\u00e7\u00f5es da BM, quando foi respons\u00e1vel pelo planejamento de policiamento dos jogos da Copa Am\u00e9rica em Porto Alegre. Tem especializa\u00e7\u00e3o em Pol\u00edticas em Gest\u00e3o de Seguran\u00e7a P\u00fablica, conclu\u00edda em 2017. Promovido a coronel, assumiu a dire\u00e7\u00e3o do Departamento de Inform\u00e1tica da BM. Em novembro de 2019, ocupou o posto de subcomandante-geral da BM, no qual permaneceu at\u00e9 abril de 2021. Em maio de 2021, Santarosa assumiu o comando-geral da corpora\u00e7\u00e3o, permanecendo at\u00e9 fevereiro de 2022, quando completou 35 anos de servi\u00e7o ativo, limite para a passagem compuls\u00f3ria para a reserva.<\/p>\n<p dir=\"ltr\"><strong>Secretaria de Turismo<\/strong><br \/>\nRaphael Ayub<\/p>\n<p dir=\"ltr\">Advogado, p\u00f3s-graduado em Direito P\u00fablico, trabalhou de 2017 a 2021 na prefeitura de Cap\u00e3o da Canoa, onde foi secret\u00e1rio de Gest\u00e3o, Inova\u00e7\u00e3o e Planejamento e de Turismo e Desenvolvimento Econ\u00f4mico. Atuou na revitaliza\u00e7\u00e3o da beira-mar e na estrutura\u00e7\u00e3o do Parque N\u00e1utico Lagoa dos Quadros e implanta\u00e7\u00e3o do Gabinete de Gest\u00e3o Integrada na cidade. De 2013 a 2017, foi assessor parlamentar da C\u00e2mara de Vereadores e presidiu o Conselho Comunit\u00e1rio Pr\u00f3-seguran\u00e7a P\u00fablica de Cap\u00e3o da Canoa. \u00c9 p\u00f3s-graduando em Finan\u00e7as, Investimentos e Banking pela PUCRS e tem experi\u00eancia no setor.<\/p>\n<p><strong>Secretaria de Agricultura, Pecu\u00e1ria e Desenvolvimento Rural<\/strong><br \/>\nDomingos Velho Lopes<\/p>\n<p>Engenheiro agr\u00f4nomo formado pela Universidade Federal do Rio Grande do Sul (UFRGS). Produtor rural desde 1992, exerce a atividade em Mostardas e Palmares do Sul. Em 2017, assumiu a comiss\u00e3o de Meio Ambiente da Federa\u00e7\u00e3o da Agricultura no Estado (Farsul) e foi conduzido \u00e0 presid\u00eancia do conselho superior da entidade. Elegeu-se vice-presidente da entidade e exerceu, tamb\u00e9m, a presid\u00eancia do Sindicato Rural de Mostardas e a presid\u00eancia do Comit\u00ea de Bacia do Litoral M\u00e9dio. \u00c9 membro do Conselho de Meio Ambiente da Confedera\u00e7\u00e3o da Agricultura e Pecu\u00e1ria do Brasil (CNA) e vice-presidente da Comiss\u00e3o Nacional de Irriga\u00e7\u00e3o da CNA.<\/p>\n<p><strong>Secretaria de Trabalho, Emprego e Renda<br \/>\n<\/strong>Hamilton Sossmeier<\/p>\n<p>Vereador em seu segundo mandato em Porto Alegre. \u00c9 formado em Gest\u00e3o Financeira. Durante 23 anos, atuou na iniciativa privada. Exerceu a presid\u00eancia da Comiss\u00e3o de Defesa do Consumidor e foi secret\u00e1rio da mesa diretora da C\u00e2mara Municipal de Vereadores de Porto Alegre.<\/p>\n<p><strong>Secretaria do Esporte e Lazer<\/strong><br \/>\nLet\u00edcia Boll Vargas<\/p>\n<p>Graduada em Publicidade e Propaganda pelo Centro Universit\u00e1rio Franciscano (Unifra). Possui conhecimentos nas \u00e1reas de gest\u00e3o de empreendimentos p\u00fablicos e privados, gest\u00e3o patrimonial, gest\u00e3o de pessoas e coordena\u00e7\u00e3o de equipe. Atua\u00e7\u00e3o na \u00e1rea de planejamento estrat\u00e9gico, assessoria de comunica\u00e7\u00e3o, express\u00e3o oral e psicologia.<\/p>\n<p><strong>Secretaria Extraordin\u00e1ria de Rela\u00e7\u00f5es Federativas e Internacionais<\/strong><br \/>\nPatr\u00edcia Kotlinski<\/p>\n<p>Era diretora-geral da Secretaria Extraordin\u00e1ria de Rela\u00e7\u00f5es Federativas e Internacionais, em Bras\u00edlia. Na atividade, chefiou, coordenou e acompanhou a execu\u00e7\u00e3o de atividades do gabinete da secretaria. Fluente em italiano e ingl\u00eas, tem ampla experi\u00eancia em gest\u00e3o e coordena\u00e7\u00e3o de equipes. \u00c9 graduada em Design com l\u00e1urea acad\u00eamica e especialista em Design Estrat\u00e9gico.<\/p>\n<p dir=\"ltr\"><strong>Secretaria do Meio Ambiente e Infraestrutura<br \/>\n<\/strong>Marjorie Kauffmann<\/p>\n<p dir=\"ltr\">Graduada em Engenheira Florestal pela Universidade Federal de Santa Maria (UFSM) e mestre em Ambiente e Desenvolvimento do Centro Universit\u00e1rio Univates. Doutora em Geoci\u00eancias pela Unicamp, realizou est\u00e1gio p\u00f3s-doutoral no Centro Universit\u00e1rio Univates. Trabalhou em projetos na \u00e1rea de infraestrutura, como estradas, pontes e usinas hidrel\u00e9tricas, e foi diretora da Secretaria do Meio Ambiente de Lajeado (2017 a 2018). Entre 2019 e 2022, foi diretora-presidente da Funda\u00e7\u00e3o Estadual de Prote\u00e7\u00e3o Ambiental (Fepam).<\/p>\n<p><strong>Secret\u00e1rio de Desenvolvimento Urbano e Metropolitano<\/strong><br \/>\nCarlos Rafael Mallmann<\/p>\n<p>Graduado em Ci\u00eancias Jur\u00eddicas e Sociais pela Unisinos, tem p\u00f3s-gradua\u00e7\u00e3o em Controle e Monitoramento da Gest\u00e3o P\u00fablica e em Direito Administrativo. No setor p\u00fablico, entre outras atividades, foi delegado regional do Trabalho de 2003 a 2005 e diretor Administrativo do Instituto Rio Grandense do Arroz (Irga) entre 2009 e 2012. Na elei\u00e7\u00e3o de 2012, foi eleito prefeito de Estrela e reeleito em 2016. Antes de assumir como secret\u00e1rio de Estado, era assessor jur\u00eddico do Cons\u00f3rcio de Munic\u00edpios do Vale do Taquari, em Lajeado.<\/p>\n<p><strong>Secretaria de Obras e Habita\u00e7\u00e3o<\/strong><br \/>\nVolnei Minozzo<\/p>\n<p dir=\"ltr\">Atuou como assessor parlamentar na C\u00e2mara dos Deputados e na Assembleia Legislativa. Foi duas vezes prefeito de Nova Prata, de 2013 a 2016 e 2016 a 2020, e vice-presidente da Associa\u00e7\u00e3o dos Munic\u00edpios da Encosta Superior do Nordeste do Rio Grande do Sul (Amesne).<\/p>\n<hr \/>\n<h6 dir=\"ltr\"><strong>GOV RS | Texto: Tham\u00edris Mondin |\u00a0Edi\u00e7\u00e3o: Secom | Foto:\u00a0Felipe Dalla Valle\/Pal\u00e1cio Piratini<\/strong><\/h6>\n<p><center><iframe loading=\"lazy\" class=\"jmvplayer\" src=\"https:\/\/player.jmvstream.com\/lvw\/YYGWo5wfZuZ8fEW7Qoq1ISwhLSEDhU\" width=\"640\" height=\"360\" frameborder=\"0\" allowfullscreen=\"allowfullscreen\"><\/iframe><\/center><\/p>\n<h6 dir=\"ltr\"><\/h6>\n<\/div><\/div>","protected":false},"excerpt":{"rendered":"<p>O governador Ranolfo Vieira J\u00fanior anunciou, nesta segunda-feira (4\/3), no Pal\u00e1cio Piratini, mudan\u00e7as na composi\u00e7\u00e3o do secretariado. Ao todo, foram apresentados 11 novos nomes. O total de 25 secretarias, sendo tr\u00eas extraordin\u00e1rias ligadas ao gabinete do governador, permaneceu inalterado. Ranolfo refor\u00e7ou o reconhecimento do governo do Estado pelo trabalho dos secret\u00e1rios que se desligaram das [&hellip;]<\/p>\n","protected":false},"author":4,"featured_media":46703,"comment_status":"open","ping_status":"open","sticky":false,"template":"","format":"standard","meta":{"footnotes":""},"categories":[1],"tags":[],"class_list":["post-46702","post","type-post","status-publish","format-standard","has-post-thumbnail","hentry","category-sem-categoria"],"_links":{"self":[{"href":"http:\/\/sol.fm.br\/radio\/wp-json\/wp\/v2\/posts\/46702","targetHints":{"allow":["GET"]}}],"collection":[{"href":"http:\/\/sol.fm.br\/radio\/wp-json\/wp\/v2\/posts"}],"about":[{"href":"http:\/\/sol.fm.br\/radio\/wp-json\/wp\/v2\/types\/post"}],"author":[{"embeddable":true,"href":"http:\/\/sol.fm.br\/radio\/wp-json\/wp\/v2\/users\/4"}],"replies":[{"embeddable":true,"href":"http:\/\/sol.fm.br\/radio\/wp-json\/wp\/v2\/comments?post=46702"}],"version-history":[{"count":1,"href":"http:\/\/sol.fm.br\/radio\/wp-json\/wp\/v2\/posts\/46702\/revisions"}],"predecessor-version":[{"id":46704,"href":"http:\/\/sol.fm.br\/radio\/wp-json\/wp\/v2\/posts\/46702\/revisions\/46704"}],"wp:featuredmedia":[{"embeddable":true,"href":"http:\/\/sol.fm.br\/radio\/wp-json\/wp\/v2\/media\/46703"}],"wp:attachment":[{"href":"http:\/\/sol.fm.br\/radio\/wp-json\/wp\/v2\/media?parent=46702"}],"wp:term":[{"taxonomy":"category","embeddable":true,"href":"http:\/\/sol.fm.br\/radio\/wp-json\/wp\/v2\/categories?post=46702"},{"taxonomy":"post_tag","embeddable":true,"href":"http:\/\/sol.fm.br\/radio\/wp-json\/wp\/v2\/tags?post=46702"}],"curies":[{"name":"wp","href":"https:\/\/api.w.org\/{rel}","templated":true}]}}