{"id":46761,"date":"2022-04-06T10:39:52","date_gmt":"2022-04-06T13:39:52","guid":{"rendered":"http:\/\/sol.fm.br\/radio\/?p=46761"},"modified":"2022-04-06T10:39:52","modified_gmt":"2022-04-06T13:39:52","slug":"6-de-abril-dia-estadual-de-rastreamento-do-cancer-de-colorretal","status":"publish","type":"post","link":"http:\/\/sol.fm.br\/radio\/6-de-abril-dia-estadual-de-rastreamento-do-cancer-de-colorretal\/","title":{"rendered":"6 de abril - Dia Estadual de Rastreamento do C\u00e2ncer de Colorretal"},"content":{"rendered":"<div id=\"dslc-theme-content\"><div id=\"dslc-theme-content-inner\"><p>A deputada estadual Zil\u00e1 Breitenbach (PSDB|), autora da Lei 13.365\/2013 que determina o 6 de abril como Dia Estadual de Rastreamento do C\u00e2ncer de Colorretal, alerta que na maioria dos casos, o c\u00e2ncer de colorretal \u00e9 silencioso e assintom\u00e1tico, e por este motivo \u00e9 preciso debater sobre ele e refor\u00e7ar a necessidade de rastreamento peri\u00f3dico em homens e mulheres, a partir dos 50 anos de idade, ou se h\u00e1 casos na fam\u00edlia, ainda mais cedo.<\/p>\n<p>O c\u00e2ncer colorretal abrange todos os tumores que acometem o intestino grosso (o c\u00f3lon) e o reto. A maioria desses tumores surge a partir de les\u00f5es benignas, os chamados p\u00f3lipos, que podem crescer na parede interna do intestino grosso. Quando essas les\u00f5es s\u00e3o removidas antes do se tornarem malignas, o c\u00e2ncer pode ser evitado.<\/p>\n<p><em>\u201cApesar de agressivo, um diagn\u00f3stico precoce \u00e9 fundamental para um tratamento efetivo em busca da cura, j\u00e1 que diagnosticado precocemente, pode ser curado em at\u00e9 70% dos casos, segundo especialistas. Por este motivo ainda em 2013 consegui aprovar a legisla\u00e7\u00e3o que tamb\u00e9m determina a Semana de Rastreamento do C\u00e2ncer de Colorretal de 01 a 078 de abril, para al\u00e9m de alertar debater sobre a doen\u00e7a e a import\u00e2ncia da popula\u00e7\u00e3o ter acesso aos exames de diagn\u00f3stico\u201d<\/em>, explica Zil\u00e1 que tamb\u00e9m \u00e9 presidente da Comiss\u00e3o de Sa\u00fade e Meio Ambiente da Assembleia Legislativa do RS.<\/p>\n<p>No Brasil, o c\u00e2ncer colorretal \u00e9 o segundo mais incidente na popula\u00e7\u00e3o. S\u00e3o, aproximadamente, 40 mil novos casos diagnosticados por ano, entre homens e mulheres. Desse total, cerca de 30% ocorrem devido a fatores comportamentais, como m\u00e1 alimenta\u00e7\u00e3o, tabagismo e inatividade f\u00edsica.<\/p>\n<hr \/>\n<h6><strong>Fonte: Ag\u00eancia de Not\u00edcias\/Assembl\u00e9ia Legislativa |\u00a0Foto: Guerreiro<\/strong><\/h6>\n<p><center><iframe loading=\"lazy\" class=\"jmvplayer\" src=\"https:\/\/player.jmvstream.com\/lvw\/YYGWo5wfZuZ8fEW7Qoq1ISwhLSEDhU\" width=\"640\" height=\"360\" frameborder=\"0\" allowfullscreen=\"allowfullscreen\"><\/iframe><\/center><\/p>\n<h6><\/h6>\n<\/div><\/div>","protected":false},"excerpt":{"rendered":"<p>A deputada estadual Zil\u00e1 Breitenbach (PSDB|), autora da Lei 13.365\/2013 que determina o 6 de abril como Dia Estadual de Rastreamento do C\u00e2ncer de Colorretal, alerta que na maioria dos casos, o c\u00e2ncer de colorretal \u00e9 silencioso e assintom\u00e1tico, e por este motivo \u00e9 preciso debater sobre ele e refor\u00e7ar a necessidade de rastreamento peri\u00f3dico [&hellip;]<\/p>\n","protected":false},"author":4,"featured_media":46762,"comment_status":"open","ping_status":"open","sticky":false,"template":"","format":"standard","meta":{"footnotes":""},"categories":[1],"tags":[],"class_list":["post-46761","post","type-post","status-publish","format-standard","has-post-thumbnail","hentry","category-sem-categoria"],"_links":{"self":[{"href":"http:\/\/sol.fm.br\/radio\/wp-json\/wp\/v2\/posts\/46761","targetHints":{"allow":["GET"]}}],"collection":[{"href":"http:\/\/sol.fm.br\/radio\/wp-json\/wp\/v2\/posts"}],"about":[{"href":"http:\/\/sol.fm.br\/radio\/wp-json\/wp\/v2\/types\/post"}],"author":[{"embeddable":true,"href":"http:\/\/sol.fm.br\/radio\/wp-json\/wp\/v2\/users\/4"}],"replies":[{"embeddable":true,"href":"http:\/\/sol.fm.br\/radio\/wp-json\/wp\/v2\/comments?post=46761"}],"version-history":[{"count":2,"href":"http:\/\/sol.fm.br\/radio\/wp-json\/wp\/v2\/posts\/46761\/revisions"}],"predecessor-version":[{"id":46764,"href":"http:\/\/sol.fm.br\/radio\/wp-json\/wp\/v2\/posts\/46761\/revisions\/46764"}],"wp:featuredmedia":[{"embeddable":true,"href":"http:\/\/sol.fm.br\/radio\/wp-json\/wp\/v2\/media\/46762"}],"wp:attachment":[{"href":"http:\/\/sol.fm.br\/radio\/wp-json\/wp\/v2\/media?parent=46761"}],"wp:term":[{"taxonomy":"category","embeddable":true,"href":"http:\/\/sol.fm.br\/radio\/wp-json\/wp\/v2\/categories?post=46761"},{"taxonomy":"post_tag","embeddable":true,"href":"http:\/\/sol.fm.br\/radio\/wp-json\/wp\/v2\/tags?post=46761"}],"curies":[{"name":"wp","href":"https:\/\/api.w.org\/{rel}","templated":true}]}}