{"id":46765,"date":"2022-04-06T10:47:50","date_gmt":"2022-04-06T13:47:50","guid":{"rendered":"http:\/\/sol.fm.br\/radio\/?p=46765"},"modified":"2022-04-06T10:47:50","modified_gmt":"2022-04-06T13:47:50","slug":"rippel-recebe-vista-de-professores-e-alunos-da-escola-independencia","status":"publish","type":"post","link":"http:\/\/sol.fm.br\/radio\/rippel-recebe-vista-de-professores-e-alunos-da-escola-independencia\/","title":{"rendered":"Rippel recebe vista de professores e alunos da Escola Independ\u00eancia"},"content":{"rendered":"<div id=\"dslc-theme-content\"><div id=\"dslc-theme-content-inner\"><p>O prefeito Pedro Rippel recebeu, na \u00faltima ter\u00e7a-feira, 5, a visita da diretora da Escola Municipal de Ensino Fundamental Independ\u00eancia, Elizete Vergani, juntamente com alunos e professores das turmas de 3\u00ba e 5\u00ba ano.<\/p>\n<p>Na oportunidade, fizeram v\u00e1rias perguntas ao prefeito sobre o dia a dia dele na Prefeitura, sobre como \u00e9 administrar o munic\u00edpio, se gosta do trabalho, se \u00e9 dif\u00edcil ser prefeito e a respeito dos projetos que tem para Rolante.<\/p>\n<p>Rippel explicou que ser prefeito \u00e9 uma tarefa de muita responsabilidade, mas que n\u00e3o acha dif\u00edcil porque \u00e9 gratificante poder desenvolver um trabalho para o bem da comunidade. E, ainda, respondeu \u00e0s demais perguntas com alegria, pois sempre fica feliz quando recebe as crian\u00e7as na Prefeitura.<\/p>\n<hr \/>\n<h6><strong>Prefeitura Municipal de Rolante | Foto: Edna Cardoso<\/strong><\/h6>\n<p><center><iframe loading=\"lazy\" class=\"jmvplayer\" src=\"https:\/\/player.jmvstream.com\/lvw\/YYGWo5wfZuZ8fEW7Qoq1ISwhLSEDhU\" width=\"640\" height=\"360\" frameborder=\"0\" allowfullscreen=\"allowfullscreen\"><\/iframe><\/center><\/p>\n<h6><\/h6>\n<\/div><\/div>","protected":false},"excerpt":{"rendered":"<p>O prefeito Pedro Rippel recebeu, na \u00faltima ter\u00e7a-feira, 5, a visita da diretora da Escola Municipal de Ensino Fundamental Independ\u00eancia, Elizete Vergani, juntamente com alunos e professores das turmas de 3\u00ba e 5\u00ba ano. Na oportunidade, fizeram v\u00e1rias perguntas ao prefeito sobre o dia a dia dele na Prefeitura, sobre como \u00e9 administrar o munic\u00edpio, [&hellip;]<\/p>\n","protected":false},"author":4,"featured_media":46766,"comment_status":"open","ping_status":"open","sticky":false,"template":"","format":"standard","meta":{"footnotes":""},"categories":[1],"tags":[],"class_list":["post-46765","post","type-post","status-publish","format-standard","has-post-thumbnail","hentry","category-sem-categoria"],"_links":{"self":[{"href":"http:\/\/sol.fm.br\/radio\/wp-json\/wp\/v2\/posts\/46765","targetHints":{"allow":["GET"]}}],"collection":[{"href":"http:\/\/sol.fm.br\/radio\/wp-json\/wp\/v2\/posts"}],"about":[{"href":"http:\/\/sol.fm.br\/radio\/wp-json\/wp\/v2\/types\/post"}],"author":[{"embeddable":true,"href":"http:\/\/sol.fm.br\/radio\/wp-json\/wp\/v2\/users\/4"}],"replies":[{"embeddable":true,"href":"http:\/\/sol.fm.br\/radio\/wp-json\/wp\/v2\/comments?post=46765"}],"version-history":[{"count":1,"href":"http:\/\/sol.fm.br\/radio\/wp-json\/wp\/v2\/posts\/46765\/revisions"}],"predecessor-version":[{"id":46767,"href":"http:\/\/sol.fm.br\/radio\/wp-json\/wp\/v2\/posts\/46765\/revisions\/46767"}],"wp:featuredmedia":[{"embeddable":true,"href":"http:\/\/sol.fm.br\/radio\/wp-json\/wp\/v2\/media\/46766"}],"wp:attachment":[{"href":"http:\/\/sol.fm.br\/radio\/wp-json\/wp\/v2\/media?parent=46765"}],"wp:term":[{"taxonomy":"category","embeddable":true,"href":"http:\/\/sol.fm.br\/radio\/wp-json\/wp\/v2\/categories?post=46765"},{"taxonomy":"post_tag","embeddable":true,"href":"http:\/\/sol.fm.br\/radio\/wp-json\/wp\/v2\/tags?post=46765"}],"curies":[{"name":"wp","href":"https:\/\/api.w.org\/{rel}","templated":true}]}}