{"id":46778,"date":"2022-04-07T09:14:45","date_gmt":"2022-04-07T12:14:45","guid":{"rendered":"http:\/\/sol.fm.br\/radio\/?p=46778"},"modified":"2022-04-07T09:14:45","modified_gmt":"2022-04-07T12:14:45","slug":"governo-anuncia-deposito-de-r-226-milhoes-para-a-area-da-saude-por-meio-de-emendas-parlamentares","status":"publish","type":"post","link":"http:\/\/sol.fm.br\/radio\/governo-anuncia-deposito-de-r-226-milhoes-para-a-area-da-saude-por-meio-de-emendas-parlamentares\/","title":{"rendered":"Governo anuncia dep\u00f3sito de R$ 22,6 milh\u00f5es para a \u00e1rea da sa\u00fade por meio de emendas parlamentares"},"content":{"rendered":"<div id=\"dslc-theme-content\"><div id=\"dslc-theme-content-inner\"><p><em>Investimento foi anunciado pelo governador Ranolfo Vieira J\u00fanior em reuni\u00e3o com l\u00edderes e vice-l\u00edderes de bancadas na Assembleia<\/em><\/p>\n<p>Em caf\u00e9 da manh\u00e3 com l\u00edderes e vice-l\u00edderes de bancadas da Assembleia Legislativa, na manh\u00e3 desta quarta-feira (6\/4), o governador Ranolfo Vieira J\u00fanior conduziu reuni\u00e3o para apresentar investimentos na \u00e1rea da sa\u00fade por meio de emendas parlamentares e tamb\u00e9m ampliar informa\u00e7\u00f5es sobre o reajuste geral dos servidores.<\/p>\n<p><em>\"Temos dois temas importantes a apresentar, e aproveito a nossa primeira reuni\u00e3o oficial recebendo deputados e deputadas aqui no Pal\u00e1cio Piratini para dizer que espero que nossa rela\u00e7\u00e3o com o parlamento continue sendo prof\u00edcua e muito republicana. Esta rela\u00e7\u00e3o com os parlamentares \u00e9 muito importante para todas as agendas do Estado e seguiremos com muito di\u00e1logo at\u00e9 a conclus\u00e3o deste mandato\"<\/em>, afirmou o governador.<\/p>\n<p><img loading=\"lazy\" decoding=\"async\" class=\" wp-image-46780 aligncenter\" src=\"http:\/\/sol.fm.br\/radio\/wp-content\/uploads\/2022\/04\/2-3-400x222.jpg\" alt=\"\" width=\"425\" height=\"236\" srcset=\"http:\/\/sol.fm.br\/radio\/wp-content\/uploads\/2022\/04\/2-3-400x222.jpg 400w, http:\/\/sol.fm.br\/radio\/wp-content\/uploads\/2022\/04\/2-3-768x425.jpg 768w, http:\/\/sol.fm.br\/radio\/wp-content\/uploads\/2022\/04\/2-3.jpg 800w\" sizes=\"auto, (max-width: 425px) 100vw, 425px\" \/><\/p>\n<p>A secret\u00e1ria da Sa\u00fade, Arita Bergmann, anunciou para esta quarta (6) o pagamento, oriundo de emendas parlamentares, de R$ 22,6 milh\u00f5es para a \u00e1rea da sa\u00fade. <em>\u201cFazemos esse an\u00fancio gra\u00e7as a um governo que cumpre o que est\u00e1 no or\u00e7amento. Temos um or\u00e7amento real, exequ\u00edvel e aprovado pelos parlamentares. Estamos anunciando para a data de hoje o dep\u00f3sito destes valores aos munic\u00edpios e hospitais\u201d<\/em>, afirmou Arita.<\/p>\n<p>O valor \u00e9 referente a 277 emendas parlamentares, o que representa 71,5% do total destinado \u00e0 sa\u00fade por meio desse instrumento. Dos 55 deputados, 49 destinaram suas emendas para atender pleitos de munic\u00edpios e hospitais em busca de fortalecer a aten\u00e7\u00e3o prim\u00e1ria e \u00e1rea hospitalar atendendo diretamente a popula\u00e7\u00e3o nas principais portas de entrada dos servi\u00e7os de sa\u00fade. As emendas permitem que o parlamento sugira altera\u00e7\u00f5es na proposta de or\u00e7amento encaminhada pelo Poder Executivo.<\/p>\n<p><img loading=\"lazy\" decoding=\"async\" class=\"wp-image-46781 aligncenter\" src=\"http:\/\/sol.fm.br\/radio\/wp-content\/uploads\/2022\/04\/3-1-400x267.jpg\" alt=\"\" width=\"428\" height=\"286\" srcset=\"http:\/\/sol.fm.br\/radio\/wp-content\/uploads\/2022\/04\/3-1-400x267.jpg 400w, http:\/\/sol.fm.br\/radio\/wp-content\/uploads\/2022\/04\/3-1-768x512.jpg 768w, http:\/\/sol.fm.br\/radio\/wp-content\/uploads\/2022\/04\/3-1-600x400.jpg 600w, http:\/\/sol.fm.br\/radio\/wp-content\/uploads\/2022\/04\/3-1.jpg 800w\" sizes=\"auto, (max-width: 428px) 100vw, 428px\" \/><\/p>\n<p>Na reuni\u00e3o, o secret\u00e1rio da Fazenda, Marco Aurelio Cardoso, apresentou aos deputados mais informa\u00e7\u00f5es sobre o projeto de lei que ser\u00e1 enviado \u00e0 Assembleia Legislativa para tratar do reajuste geral do funcionalismo. A proposta do Executivo prev\u00ea a corre\u00e7\u00e3o de 6% do sal\u00e1rio dos servidores estaduais.<\/p>\n<p>Ao lado do governador, tamb\u00e9m representaram o Executivo o secret\u00e1rio-chefe da Casa Civil, Artur Lemos; o procurador-geral do Estado, Eduardo Cunha da Costa; o secret\u00e1rio de Planejamento, Governan\u00e7a e Gest\u00e3o, Claudio Gastal; o secret\u00e1rio de Apoio \u00e0 Gest\u00e3o Administrativa e Pol\u00edtica, Agostinho Meirelles; e a chefe de gabinete Flavia Frey.<\/p>\n<p>Pela Assembleia Legislativa, participaram os deputados Adolfo Britto, Alo\u00edsio Classmann, Beto Fantinel, Carlos B\u00farigo, Dalciso Oliveira, Dirceu Franciscon, Ernani Polo, Francine Bayer, Frederico Antunes, Ga\u00facho da Geral, Gilberto Capoani, Giuseppe Riesgo, Juvir Costella, Luiz Fernando Mainardi, Luiz Henrique Viana, Mateus Wesp, Paparico Bacchi, Pedro Pereira, Sergio Turra, Tenente-coronel Zucco, Thiago Duarte, Vilmar Louren\u00e7o e Zil\u00e1 Breintenbach.<\/p>\n<hr \/>\n<h6><strong>GOV RS| Texto: Lizi Cordeiro |\u00a0Edi\u00e7\u00e3o: Marcelo Flach\/Secom |\u00a0Foto: Felipe Dalla Valle \/ Pal\u00e1cio Piratini<\/strong><\/h6>\n<p><center><iframe loading=\"lazy\" class=\"jmvplayer\" src=\"https:\/\/player.jmvstream.com\/lvw\/YYGWo5wfZuZ8fEW7Qoq1ISwhLSEDhU\" width=\"640\" height=\"360\" frameborder=\"0\" allowfullscreen=\"allowfullscreen\"><\/iframe><\/center><\/p>\n<h6><\/h6>\n<\/div><\/div>","protected":false},"excerpt":{"rendered":"<p>Investimento foi anunciado pelo governador Ranolfo Vieira J\u00fanior em reuni\u00e3o com l\u00edderes e vice-l\u00edderes de bancadas na Assembleia Em caf\u00e9 da manh\u00e3 com l\u00edderes e vice-l\u00edderes de bancadas da Assembleia Legislativa, na manh\u00e3 desta quarta-feira (6\/4), o governador Ranolfo Vieira J\u00fanior conduziu reuni\u00e3o para apresentar investimentos na \u00e1rea da sa\u00fade por meio de emendas parlamentares [&hellip;]<\/p>\n","protected":false},"author":4,"featured_media":46779,"comment_status":"open","ping_status":"open","sticky":false,"template":"","format":"standard","meta":{"footnotes":""},"categories":[1],"tags":[],"class_list":["post-46778","post","type-post","status-publish","format-standard","has-post-thumbnail","hentry","category-sem-categoria"],"_links":{"self":[{"href":"http:\/\/sol.fm.br\/radio\/wp-json\/wp\/v2\/posts\/46778","targetHints":{"allow":["GET"]}}],"collection":[{"href":"http:\/\/sol.fm.br\/radio\/wp-json\/wp\/v2\/posts"}],"about":[{"href":"http:\/\/sol.fm.br\/radio\/wp-json\/wp\/v2\/types\/post"}],"author":[{"embeddable":true,"href":"http:\/\/sol.fm.br\/radio\/wp-json\/wp\/v2\/users\/4"}],"replies":[{"embeddable":true,"href":"http:\/\/sol.fm.br\/radio\/wp-json\/wp\/v2\/comments?post=46778"}],"version-history":[{"count":1,"href":"http:\/\/sol.fm.br\/radio\/wp-json\/wp\/v2\/posts\/46778\/revisions"}],"predecessor-version":[{"id":46782,"href":"http:\/\/sol.fm.br\/radio\/wp-json\/wp\/v2\/posts\/46778\/revisions\/46782"}],"wp:featuredmedia":[{"embeddable":true,"href":"http:\/\/sol.fm.br\/radio\/wp-json\/wp\/v2\/media\/46779"}],"wp:attachment":[{"href":"http:\/\/sol.fm.br\/radio\/wp-json\/wp\/v2\/media?parent=46778"}],"wp:term":[{"taxonomy":"category","embeddable":true,"href":"http:\/\/sol.fm.br\/radio\/wp-json\/wp\/v2\/categories?post=46778"},{"taxonomy":"post_tag","embeddable":true,"href":"http:\/\/sol.fm.br\/radio\/wp-json\/wp\/v2\/tags?post=46778"}],"curies":[{"name":"wp","href":"https:\/\/api.w.org\/{rel}","templated":true}]}}