{"id":46783,"date":"2022-04-07T09:19:33","date_gmt":"2022-04-07T12:19:33","guid":{"rendered":"http:\/\/sol.fm.br\/radio\/?p=46783"},"modified":"2022-04-07T09:19:33","modified_gmt":"2022-04-07T12:19:33","slug":"governador-ranolfo-reune-se-com-o-presidente-da-assembleia-valdeci-oliveira","status":"publish","type":"post","link":"http:\/\/sol.fm.br\/radio\/governador-ranolfo-reune-se-com-o-presidente-da-assembleia-valdeci-oliveira\/","title":{"rendered":"Governador Ranolfo re\u00fane-se com o presidente da Assembleia, Valdeci Oliveira"},"content":{"rendered":"<div id=\"dslc-theme-content\"><div id=\"dslc-theme-content-inner\"><p>Com o prop\u00f3sito de manter o estreitamento de la\u00e7os entre as institui\u00e7\u00f5es que comp\u00f5em o Estado, o governador Ranolfo Vieira J\u00fanior reuniu-se, na manh\u00e3 desta quarta-feira (6\/4), com o presidente da Assembleia Legislativa, deputado Valdeci Oliveira. Este foi o primeiro encontro oficial entre os chefes dos dois Poderes ap\u00f3s a posse de Ranolfo como governador do Rio Grande do Sul, realizada na \u00faltima quinta-feira (31\/3).<\/p>\n<p><em>\u201cReafirmo nosso compromisso com a transpar\u00eancia e o di\u00e1logo permanentes. Aproveito para refor\u00e7ar que seguimos com as portas do Executivo abertas para mantermos essa rela\u00e7\u00e3o republicana\u201d,<\/em> afirmou Ranolfo, que tamb\u00e9m se comprometeu a dar sequ\u00eancia nas conversas com as entidades que representam diversos segmentos.<\/p>\n<p><img loading=\"lazy\" decoding=\"async\" class=\"wp-image-46785 aligncenter\" src=\"http:\/\/sol.fm.br\/radio\/wp-content\/uploads\/2022\/04\/13-400x267.jpg\" alt=\"\" width=\"442\" height=\"295\" srcset=\"http:\/\/sol.fm.br\/radio\/wp-content\/uploads\/2022\/04\/13-400x267.jpg 400w, http:\/\/sol.fm.br\/radio\/wp-content\/uploads\/2022\/04\/13-768x512.jpg 768w, http:\/\/sol.fm.br\/radio\/wp-content\/uploads\/2022\/04\/13-600x400.jpg 600w, http:\/\/sol.fm.br\/radio\/wp-content\/uploads\/2022\/04\/13.jpg 800w\" sizes=\"auto, (max-width: 442px) 100vw, 442px\" \/><\/p>\n<p>Da mesma forma, o presidente do parlamento ga\u00facho defendeu a manuten\u00e7\u00e3o de uma rela\u00e7\u00e3o com cordialidade e respeitando os processos democr\u00e1ticos.<\/p>\n<p>Acompanharam o encontro o secret\u00e1rio-chefe da Casa Civil, Artur Lemos; o procurador-geral do Estado, Eduardo Cunha da Costa; o secret\u00e1rio de Planejamento, Governan\u00e7a e Gest\u00e3o, Claudio Gastal; os deputados Frederico Antunes, l\u00edder do governo na Assembleia; Mateus Wesp e Juvir Costella.<\/p>\n<hr \/>\n<h6><strong>GOV RS | Texto: Lizi Cordeiro |\u00a0Edi\u00e7\u00e3o: Marcelo Flach\/Secom |\u00a0Foto: Gustavo Mansur \/ Pal\u00e1cio Piratini<\/strong><\/h6>\n<p><center><iframe loading=\"lazy\" class=\"jmvplayer\" src=\"https:\/\/player.jmvstream.com\/lvw\/YYGWo5wfZuZ8fEW7Qoq1ISwhLSEDhU\" width=\"640\" height=\"360\" frameborder=\"0\" allowfullscreen=\"allowfullscreen\"><\/iframe><\/center><\/p>\n<h6><\/h6>\n<\/div><\/div>","protected":false},"excerpt":{"rendered":"<p>Com o prop\u00f3sito de manter o estreitamento de la\u00e7os entre as institui\u00e7\u00f5es que comp\u00f5em o Estado, o governador Ranolfo Vieira J\u00fanior reuniu-se, na manh\u00e3 desta quarta-feira (6\/4), com o presidente da Assembleia Legislativa, deputado Valdeci Oliveira. Este foi o primeiro encontro oficial entre os chefes dos dois Poderes ap\u00f3s a posse de Ranolfo como governador [&hellip;]<\/p>\n","protected":false},"author":4,"featured_media":46784,"comment_status":"open","ping_status":"open","sticky":false,"template":"","format":"standard","meta":{"footnotes":""},"categories":[1],"tags":[],"class_list":["post-46783","post","type-post","status-publish","format-standard","has-post-thumbnail","hentry","category-sem-categoria"],"_links":{"self":[{"href":"http:\/\/sol.fm.br\/radio\/wp-json\/wp\/v2\/posts\/46783","targetHints":{"allow":["GET"]}}],"collection":[{"href":"http:\/\/sol.fm.br\/radio\/wp-json\/wp\/v2\/posts"}],"about":[{"href":"http:\/\/sol.fm.br\/radio\/wp-json\/wp\/v2\/types\/post"}],"author":[{"embeddable":true,"href":"http:\/\/sol.fm.br\/radio\/wp-json\/wp\/v2\/users\/4"}],"replies":[{"embeddable":true,"href":"http:\/\/sol.fm.br\/radio\/wp-json\/wp\/v2\/comments?post=46783"}],"version-history":[{"count":1,"href":"http:\/\/sol.fm.br\/radio\/wp-json\/wp\/v2\/posts\/46783\/revisions"}],"predecessor-version":[{"id":46786,"href":"http:\/\/sol.fm.br\/radio\/wp-json\/wp\/v2\/posts\/46783\/revisions\/46786"}],"wp:featuredmedia":[{"embeddable":true,"href":"http:\/\/sol.fm.br\/radio\/wp-json\/wp\/v2\/media\/46784"}],"wp:attachment":[{"href":"http:\/\/sol.fm.br\/radio\/wp-json\/wp\/v2\/media?parent=46783"}],"wp:term":[{"taxonomy":"category","embeddable":true,"href":"http:\/\/sol.fm.br\/radio\/wp-json\/wp\/v2\/categories?post=46783"},{"taxonomy":"post_tag","embeddable":true,"href":"http:\/\/sol.fm.br\/radio\/wp-json\/wp\/v2\/tags?post=46783"}],"curies":[{"name":"wp","href":"https:\/\/api.w.org\/{rel}","templated":true}]}}