{"id":46787,"date":"2022-04-07T09:49:51","date_gmt":"2022-04-07T12:49:51","guid":{"rendered":"http:\/\/sol.fm.br\/radio\/?p=46787"},"modified":"2022-04-07T09:49:51","modified_gmt":"2022-04-07T12:49:51","slug":"industria-passa-por-crise-inedita-na-historia-do-setor","status":"publish","type":"post","link":"http:\/\/sol.fm.br\/radio\/industria-passa-por-crise-inedita-na-historia-do-setor\/","title":{"rendered":"Ind\u00fastria passa por crise in\u00e9dita na hist\u00f3ria do setor"},"content":{"rendered":"<div id=\"dslc-theme-content\"><div id=\"dslc-theme-content-inner\"><p><i>Levantamento da FIERGS apurou uma nova conjuntura<\/i><\/p>\n<p class=\"x_ydp578f853cyiv0969722728MsoNormal\">O setor industrial est\u00e1 passando por uma crise in\u00e9dita que as estat\u00edsticas n\u00e3o conseguem mostrar. A avalia\u00e7\u00e3o resultou de levantamento que a Federa\u00e7\u00e3o das Ind\u00fastrias do Estado do Rio Grande do Sul (FIERGS) realizou durante duas horas, colhendo depoimentos de 30 atividades fabris, com a participa\u00e7\u00e3o de 41 dirigentes da entidade presenciais e mais 22 que acessaram a reuni\u00e3o de suas localidades, pela internet.<\/p>\n<p class=\"x_ydp578f853cyiv0969722728MsoNormal\">\u00a0\u00a0\u00a0\u00a0\u00a0\u00a0\u00a0\u00a0\u00a0\u00a0\u00a0 - <em>As estat\u00edsticas, por trabalharem com \u201cm\u00e9dias\u201d, n\u00e3o conseguem expressar o que est\u00e1 ocorrendo nas ind\u00fastrias. Por isto, resolvemos fazer uma ampla e detalhada coleta de depoimentos<\/em>, disse o presidente da FIERGS, Gilberto Porcello Petry. A situa\u00e7\u00e3o que descobrimos leva a um alerta muito s\u00e9rio diante da situa\u00e7\u00e3o atual e dos acordos coletivos de trabalho que estar\u00e3o sendo negociados este ano.<\/p>\n<p class=\"x_ydp578f853cyiv0969722728MsoNormal\">\u00a0\u00a0\u00a0\u00a0\u00a0\u00a0\u00a0\u00a0\u00a0\u00a0\u00a0 Nesse m\u00e9todo de aferi\u00e7\u00e3o da realidade, foi detectada uma dispers\u00e3o de situa\u00e7\u00f5es que correspondem \u00e0s particularidades de cada segmento industrial e \u00e0 diversidade, como um todo, do parque fabril do Rio Grande do Sul. Primeiro, houve uma rodada sobre o desempenho obtido em 2021 e in\u00edcio de 2022, quando das 30 atividades surgiram os seguintes resultados: 10 com desempenho em queda; 10 est\u00e1veis; 7 cresceram; e 3 imposs\u00edveis de comparativos pelo ano at\u00edpico que foi 2021.<\/p>\n<p class=\"x_ydp578f853cyiv0969722728MsoNormal\">\u00a0\u00a0\u00a0\u00a0\u00a0\u00a0\u00a0\u00a0\u00a0\u00a0\u00a0 Ao coletar os depoimentos, foi apurada uma conjuntura de tantas vari\u00e1veis que tornam invi\u00e1vel qualquer progn\u00f3stico para o comportamento industrial este ano a partir dos seguintes fatores: desorganiza\u00e7\u00e3o das cadeias de suprimento; escassez e alto custo de mat\u00e9rias-primas; infla\u00e7\u00e3o interna ainda da pandemia somada \u00e0 infla\u00e7\u00e3o externa da guerra da R\u00fassia com a Ucr\u00e2nia;\u00a0 disparada dos pre\u00e7os de fretes no exterior e nacionalmente; altos juros; c\u00e2mbio irregular; e tudo isto levando a um momento de perplexidade sem condi\u00e7\u00f5es de prever o desempenho ao longo deste ano.<\/p>\n<p class=\"x_ydp578f853cyiv0969722728MsoNormal\">\u00a0\u00a0\u00a0\u00a0\u00a0\u00a0\u00a0\u00a0\u00a0\u00a0\u00a0 -<em> O que temos, ent\u00e3o, s\u00e3o v\u00e1rias crises que v\u00e3o se sobrepondo. Temos, por exemplo, uma infla\u00e7\u00e3o dupla no Brasil: aquela ainda origin\u00e1ria da pandemia e a nova eleva\u00e7\u00e3o de custos da guerra. H\u00e1 uma desorganiza\u00e7\u00e3o total dos fornecedores, assim como a astron\u00f4mica eleva\u00e7\u00e3o de custos de transporte e cont\u00eaineres. Isto retira qualquer chance de previsibilidade para as empresas<\/em>, acentuou Petry.<\/p>\n<p class=\"x_ydp578f853cyiv0969722728MsoNormal\">\u00a0\u00a0\u00a0\u00a0\u00a0\u00a0\u00a0\u00a0\u00a0\u00a0\u00a0 O presidente da FIERGS destaca que nos depoimentos apareceu uma nova classifica\u00e7\u00e3o de desempenho, que s\u00e3o os \u201csetores travados\u201d, ou seja, est\u00e3o imobilizados ou por falta de insumos, ou por falta de mercado, ou por n\u00e3o conseguirem calcular margens seguras para suas vendas, parando de comercializar os produtos. Outra quest\u00e3o est\u00e1 no fato de que muitas ind\u00fastrias que fabricam bens por encomenda t\u00eam pedidos fechados, mas n\u00e3o sabem se haver\u00e1 lucro ao entregar os produtos finalizados aos seus clientes.<\/p>\n<p class=\"x_ydp578f853cyiv0969722728MsoNormal\">\u00a0\u00a0\u00a0\u00a0\u00a0\u00a0\u00a0\u00a0\u00a0\u00a0\u00a0 - <em>Essa instabilidade de m\u00faltiplas situa\u00e7\u00f5es leva a um sinal de alerta a todos os Sindicatos industriais para cuidarem muito as negocia\u00e7\u00f5es coletivas este ano. N\u00e3o \u00e9 dif\u00edcil prever que nem o INPC poder\u00e1 ser atingido<\/em>, disse Petry.<\/p>\n<hr \/>\n<h6 class=\"x_ydp578f853cyiv0969722728MsoNormal\"><strong>Fonte: Unidade de Comunica\u00e7\u00e3o do Sistema FIERGS | Foto: Divulga\u00e7\u00e3o\/Facebook<\/strong><\/h6>\n<p><center><iframe loading=\"lazy\" class=\"jmvplayer\" src=\"https:\/\/player.jmvstream.com\/lvw\/YYGWo5wfZuZ8fEW7Qoq1ISwhLSEDhU\" width=\"640\" height=\"360\" frameborder=\"0\" allowfullscreen=\"allowfullscreen\"><\/iframe><\/center><\/p>\n<h6 class=\"x_ydp578f853cyiv0969722728MsoNormal\"><\/h6>\n<\/div><\/div>","protected":false},"excerpt":{"rendered":"<p>Levantamento da FIERGS apurou uma nova conjuntura O setor industrial est\u00e1 passando por uma crise in\u00e9dita que as estat\u00edsticas n\u00e3o conseguem mostrar. A avalia\u00e7\u00e3o resultou de levantamento que a Federa\u00e7\u00e3o das Ind\u00fastrias do Estado do Rio Grande do Sul (FIERGS) realizou durante duas horas, colhendo depoimentos de 30 atividades fabris, com a participa\u00e7\u00e3o de 41 [&hellip;]<\/p>\n","protected":false},"author":4,"featured_media":46788,"comment_status":"open","ping_status":"open","sticky":false,"template":"","format":"standard","meta":{"footnotes":""},"categories":[1],"tags":[],"class_list":["post-46787","post","type-post","status-publish","format-standard","has-post-thumbnail","hentry","category-sem-categoria"],"_links":{"self":[{"href":"http:\/\/sol.fm.br\/radio\/wp-json\/wp\/v2\/posts\/46787","targetHints":{"allow":["GET"]}}],"collection":[{"href":"http:\/\/sol.fm.br\/radio\/wp-json\/wp\/v2\/posts"}],"about":[{"href":"http:\/\/sol.fm.br\/radio\/wp-json\/wp\/v2\/types\/post"}],"author":[{"embeddable":true,"href":"http:\/\/sol.fm.br\/radio\/wp-json\/wp\/v2\/users\/4"}],"replies":[{"embeddable":true,"href":"http:\/\/sol.fm.br\/radio\/wp-json\/wp\/v2\/comments?post=46787"}],"version-history":[{"count":1,"href":"http:\/\/sol.fm.br\/radio\/wp-json\/wp\/v2\/posts\/46787\/revisions"}],"predecessor-version":[{"id":46789,"href":"http:\/\/sol.fm.br\/radio\/wp-json\/wp\/v2\/posts\/46787\/revisions\/46789"}],"wp:featuredmedia":[{"embeddable":true,"href":"http:\/\/sol.fm.br\/radio\/wp-json\/wp\/v2\/media\/46788"}],"wp:attachment":[{"href":"http:\/\/sol.fm.br\/radio\/wp-json\/wp\/v2\/media?parent=46787"}],"wp:term":[{"taxonomy":"category","embeddable":true,"href":"http:\/\/sol.fm.br\/radio\/wp-json\/wp\/v2\/categories?post=46787"},{"taxonomy":"post_tag","embeddable":true,"href":"http:\/\/sol.fm.br\/radio\/wp-json\/wp\/v2\/tags?post=46787"}],"curies":[{"name":"wp","href":"https:\/\/api.w.org\/{rel}","templated":true}]}}