{"id":46798,"date":"2022-04-07T11:09:54","date_gmt":"2022-04-07T14:09:54","guid":{"rendered":"http:\/\/sol.fm.br\/radio\/?p=46798"},"modified":"2022-04-07T11:09:54","modified_gmt":"2022-04-07T14:09:54","slug":"mercado-de-trabalho-governo-federal-investe-em-capacitacao-de-jovens-estudantes","status":"publish","type":"post","link":"http:\/\/sol.fm.br\/radio\/mercado-de-trabalho-governo-federal-investe-em-capacitacao-de-jovens-estudantes\/","title":{"rendered":"Mercado de Trabalho: Governo Federal investe em capacita\u00e7\u00e3o de jovens estudantes"},"content":{"rendered":"<div id=\"dslc-theme-content\"><div id=\"dslc-theme-content-inner\"><div>\n<p class=\"x_ydp5a7ecd95yiv6274863510x_x_MsoNormal\"><em>Governo Federal, implementou um\u00a0programa de capacita\u00e7\u00e3o voltado para a inser\u00e7\u00e3o de jovens no mercado de trabalho<\/em><\/p>\n<p class=\"x_ydp5a7ecd95yiv6274863510x_x_MsoNormal\">O\u00a0<a title=\"https:\/\/www.gov.br\/pt-br\/noticias\/agricultura-e-pecuaria\/2022\/03\/programa-agroresidencia-capacita-jovens-para-o-mercado-de-trabalho\" href=\"https:\/\/www.gov.br\/pt-br\/noticias\/agricultura-e-pecuaria\/2022\/03\/programa-agroresidencia-capacita-jovens-para-o-mercado-de-trabalho\" target=\"_blank\" rel=\"nofollow noopener noreferrer\" data-auth=\"NotApplicable\" data-linkindex=\"0\">Programa AgroResid\u00eancia\u00a0<\/a>completou um ano e vem alocando jovens residentes em empregos, gra\u00e7as \u00e0 experi\u00eancia adquirida durante a capacita\u00e7\u00e3o.<\/p>\n<p class=\"x_ydp5a7ecd95yiv6274863510x_x_MsoNormal\">O objetivo do projeto \u00e9\u00a0qualificar\u00a0jovens estudantes e rec\u00e9m-egressos dos cursos de Ci\u00eancias Agr\u00e1rias e afins,\u00a0inserindo-os no ambiente real de trabalho.<\/p>\n<p class=\"x_ydp5a7ecd95yiv6274863510x_x_MsoNormal\">Com treinamento pr\u00e1tico, orientado e supervisionado, a capacita\u00e7\u00e3o visa desenvolver conhecimentos e habilidades necess\u00e1rias ao exerc\u00edcio profissional.<\/p>\n<p class=\"x_ydp5a7ecd95yiv6274863510x_x_MsoNormal\">A iniciativa destina\u00a0bolsas\u00a0para residentes de cursos t\u00e9cnicos:\u00a0R$ 900,00, para n\u00edvel m\u00e9dio,\u00a0R$ 1.200,00, para n\u00edvel superior.<\/p>\n<p class=\"x_ydp5a7ecd95yiv6274863510x_x_MsoNormal\">\u00c9 o\u00a0Governo Federal cuidando dos estudantes e investindo em educa\u00e7\u00e3o de qualidade e em preparo profissional.\u00a0Um governo que cuida do Pa\u00eds!<\/p>\n<hr \/>\n<\/div>\n<h6><strong>Governo Federal<\/strong><\/h6>\n<p><center><iframe loading=\"lazy\" class=\"jmvplayer\" src=\"https:\/\/player.jmvstream.com\/lvw\/YYGWo5wfZuZ8fEW7Qoq1ISwhLSEDhU\" width=\"640\" height=\"360\" frameborder=\"0\" allowfullscreen=\"allowfullscreen\"><\/iframe><\/center><\/p>\n<h6><\/h6>\n<\/div><\/div>","protected":false},"excerpt":{"rendered":"<p>Governo Federal, implementou um\u00a0programa de capacita\u00e7\u00e3o voltado para a inser\u00e7\u00e3o de jovens no mercado de trabalho O\u00a0Programa AgroResid\u00eancia\u00a0completou um ano e vem alocando jovens residentes em empregos, gra\u00e7as \u00e0 experi\u00eancia adquirida durante a capacita\u00e7\u00e3o. O objetivo do projeto \u00e9\u00a0qualificar\u00a0jovens estudantes e rec\u00e9m-egressos dos cursos de Ci\u00eancias Agr\u00e1rias e afins,\u00a0inserindo-os no ambiente real de trabalho. Com [&hellip;]<\/p>\n","protected":false},"author":4,"featured_media":46799,"comment_status":"open","ping_status":"open","sticky":false,"template":"","format":"standard","meta":{"footnotes":""},"categories":[1],"tags":[],"class_list":["post-46798","post","type-post","status-publish","format-standard","has-post-thumbnail","hentry","category-sem-categoria"],"_links":{"self":[{"href":"http:\/\/sol.fm.br\/radio\/wp-json\/wp\/v2\/posts\/46798","targetHints":{"allow":["GET"]}}],"collection":[{"href":"http:\/\/sol.fm.br\/radio\/wp-json\/wp\/v2\/posts"}],"about":[{"href":"http:\/\/sol.fm.br\/radio\/wp-json\/wp\/v2\/types\/post"}],"author":[{"embeddable":true,"href":"http:\/\/sol.fm.br\/radio\/wp-json\/wp\/v2\/users\/4"}],"replies":[{"embeddable":true,"href":"http:\/\/sol.fm.br\/radio\/wp-json\/wp\/v2\/comments?post=46798"}],"version-history":[{"count":1,"href":"http:\/\/sol.fm.br\/radio\/wp-json\/wp\/v2\/posts\/46798\/revisions"}],"predecessor-version":[{"id":46800,"href":"http:\/\/sol.fm.br\/radio\/wp-json\/wp\/v2\/posts\/46798\/revisions\/46800"}],"wp:featuredmedia":[{"embeddable":true,"href":"http:\/\/sol.fm.br\/radio\/wp-json\/wp\/v2\/media\/46799"}],"wp:attachment":[{"href":"http:\/\/sol.fm.br\/radio\/wp-json\/wp\/v2\/media?parent=46798"}],"wp:term":[{"taxonomy":"category","embeddable":true,"href":"http:\/\/sol.fm.br\/radio\/wp-json\/wp\/v2\/categories?post=46798"},{"taxonomy":"post_tag","embeddable":true,"href":"http:\/\/sol.fm.br\/radio\/wp-json\/wp\/v2\/tags?post=46798"}],"curies":[{"name":"wp","href":"https:\/\/api.w.org\/{rel}","templated":true}]}}