{"id":46801,"date":"2022-04-07T14:25:50","date_gmt":"2022-04-07T17:25:50","guid":{"rendered":"http:\/\/sol.fm.br\/radio\/?p=46801"},"modified":"2022-04-07T14:25:50","modified_gmt":"2022-04-07T17:25:50","slug":"recuperacao-de-estrada-prefeito-pedro-rippel-acompanha-trabalho-da-secretaria-de-obras-na-fazenda-passos","status":"publish","type":"post","link":"http:\/\/sol.fm.br\/radio\/recuperacao-de-estrada-prefeito-pedro-rippel-acompanha-trabalho-da-secretaria-de-obras-na-fazenda-passos\/","title":{"rendered":"Recupera\u00e7\u00e3o de estrada: Prefeito Pedro Rippel acompanha trabalho da Secretaria de Obras na Fazenda Passos"},"content":{"rendered":"<div id=\"dslc-theme-content\"><div id=\"dslc-theme-content-inner\"><p>O prefeito Pedro Rippel esteve na localidade da Fazenda Passos, na manh\u00e3 desta quinta-feira, 7, com o secret\u00e1rio de Obras, Claus Schierholt, para acompanhar o trabalho que est\u00e1 sendo desenvolvido naquela localidade.<\/p>\n<p>A Secretaria de Obras est\u00e1 trabalhando na recupera\u00e7\u00e3o de cerca de 8 quil\u00f4metros da estrada da Fazenda Passos desde ontem, 6, fazendo uma opera\u00e7\u00e3o tapa buracos e patrolamento. A previs\u00e3o \u00e9 de que o trabalho seja conclu\u00eddo at\u00e9 o fim desta semana.<\/p>\n<p><em>\u201cFazemos uma programa\u00e7\u00e3o semanal de trabalho, mas nem sempre conseguimos segui-la em fun\u00e7\u00e3o das condi\u00e7\u00f5es clim\u00e1ticas, tendo em vista que temos enfrentado v\u00e1rios dias de chuva que interrompem a nossa programa\u00e7\u00e3o e acabam danificando ainda mais as estradas. Seguimos trabalhando intensamente, tentando atender as demandas das comunidades. Infelizmente n\u00e3o \u00e9 poss\u00edvel atender todas as reivindica\u00e7\u00f5es com a agilidade que gostar\u00edamos, mas podem ter certeza que nenhuma comunidade ser\u00e1 esquecida\u201d<\/em>, salienta Rippel.<\/p>\n<hr \/>\n<h6><strong>Prefeitura Municipal de Rolante | Foto: Edna Cardoso<\/strong><\/h6>\n<p><center><iframe loading=\"lazy\" class=\"jmvplayer\" src=\"https:\/\/player.jmvstream.com\/lvw\/YYGWo5wfZuZ8fEW7Qoq1ISwhLSEDhU\" width=\"640\" height=\"360\" frameborder=\"0\" allowfullscreen=\"allowfullscreen\"><\/iframe><\/center><\/p>\n<h6><\/h6>\n<\/div><\/div>","protected":false},"excerpt":{"rendered":"<p>O prefeito Pedro Rippel esteve na localidade da Fazenda Passos, na manh\u00e3 desta quinta-feira, 7, com o secret\u00e1rio de Obras, Claus Schierholt, para acompanhar o trabalho que est\u00e1 sendo desenvolvido naquela localidade. A Secretaria de Obras est\u00e1 trabalhando na recupera\u00e7\u00e3o de cerca de 8 quil\u00f4metros da estrada da Fazenda Passos desde ontem, 6, fazendo uma [&hellip;]<\/p>\n","protected":false},"author":4,"featured_media":46802,"comment_status":"open","ping_status":"open","sticky":false,"template":"","format":"standard","meta":{"footnotes":""},"categories":[1],"tags":[],"class_list":["post-46801","post","type-post","status-publish","format-standard","has-post-thumbnail","hentry","category-sem-categoria"],"_links":{"self":[{"href":"http:\/\/sol.fm.br\/radio\/wp-json\/wp\/v2\/posts\/46801","targetHints":{"allow":["GET"]}}],"collection":[{"href":"http:\/\/sol.fm.br\/radio\/wp-json\/wp\/v2\/posts"}],"about":[{"href":"http:\/\/sol.fm.br\/radio\/wp-json\/wp\/v2\/types\/post"}],"author":[{"embeddable":true,"href":"http:\/\/sol.fm.br\/radio\/wp-json\/wp\/v2\/users\/4"}],"replies":[{"embeddable":true,"href":"http:\/\/sol.fm.br\/radio\/wp-json\/wp\/v2\/comments?post=46801"}],"version-history":[{"count":1,"href":"http:\/\/sol.fm.br\/radio\/wp-json\/wp\/v2\/posts\/46801\/revisions"}],"predecessor-version":[{"id":46803,"href":"http:\/\/sol.fm.br\/radio\/wp-json\/wp\/v2\/posts\/46801\/revisions\/46803"}],"wp:featuredmedia":[{"embeddable":true,"href":"http:\/\/sol.fm.br\/radio\/wp-json\/wp\/v2\/media\/46802"}],"wp:attachment":[{"href":"http:\/\/sol.fm.br\/radio\/wp-json\/wp\/v2\/media?parent=46801"}],"wp:term":[{"taxonomy":"category","embeddable":true,"href":"http:\/\/sol.fm.br\/radio\/wp-json\/wp\/v2\/categories?post=46801"},{"taxonomy":"post_tag","embeddable":true,"href":"http:\/\/sol.fm.br\/radio\/wp-json\/wp\/v2\/tags?post=46801"}],"curies":[{"name":"wp","href":"https:\/\/api.w.org\/{rel}","templated":true}]}}