{"id":46806,"date":"2022-04-07T14:31:54","date_gmt":"2022-04-07T17:31:54","guid":{"rendered":"http:\/\/sol.fm.br\/radio\/?p=46806"},"modified":"2022-04-07T14:31:54","modified_gmt":"2022-04-07T17:31:54","slug":"curso-de-psicrometria-tem-inscricoes-abertas","status":"publish","type":"post","link":"http:\/\/sol.fm.br\/radio\/curso-de-psicrometria-tem-inscricoes-abertas\/","title":{"rendered":"Curso de Psicrometria tem inscri\u00e7\u00f5es abertas"},"content":{"rendered":"<div id=\"dslc-theme-content\"><div id=\"dslc-theme-content-inner\"><div>\n<div class=\"v1block-grid\">\n<div class=\"v1col v1num12\">\n<p><em>Em formato h\u00edbrido, as aulas v\u00e3o de 18\/04 a 02\/05<\/em><\/p>\n<\/div>\n<\/div>\n<\/div>\n<div>\n<div class=\"v1block-grid v1mixed-two-up\">\n<div>\n<div class=\"v1col v1num9\">\n<div>\n<div>\n<div>\n<div>\n<p>Integrando o programa de forma\u00e7\u00e3o da ASBRAV (Associa\u00e7\u00e3o Sul Brasileira de Refrigera\u00e7\u00e3o, Ar Condicionado, Aquecimento e Ventila\u00e7\u00e3o) de projetistas para os sistemas de climatiza\u00e7\u00e3o, o Curso de Psicometria H\u00edbrido j\u00e1 conta com inscri\u00e7\u00f5es abertas. Para o diretor de Treinamento e Ensino da ASBRAV, Eduardo Broffman, a qualifica\u00e7\u00e3o \u00e9 muito relevante aos profissionais, tendo em vista que a psicometria \u00e9 um fundamento bem importante para o projetista.<\/p>\n<p><em>\"\u00c9 extremamente necess\u00e1rio para quem vai trabalhar com tratamento do ar, que \u00e9 o que o ar condicionado faz. Ent\u00e3o temos que ter um conhecimento do ar \u00famido, nos ambientes e no exterior, e a psicometria descreve esse comportamento. E na ocasi\u00e3o teremos um instrutor bastante qualificado, a fim de trazer excelentes conhecimentos para todos\",<\/em> diz Broffman.<\/p>\n<p>O curso ter\u00e1 5 encontros, com carga hor\u00e1ria de 15 horas\/aula, e o instrutor ser\u00e1 o professor e coordenador da p\u00f3s-gradua\u00e7\u00e3o em Engenharia de Refrigera\u00e7\u00e3o e Climatiza\u00e7\u00e3o da PUCRS, Bruno de Rosso.<\/p>\n<p><strong>Servi\u00e7o<\/strong><\/p>\n<p><strong>Curso: Psicrometria H\u00edbrido<\/strong><\/p>\n<p><strong>Local:<\/strong><br \/>\nAs aulas te\u00f3ricas acontecer\u00e3o na sede da ASBRAV (Rua Arabutan, 324 \u2013 Bairro Navegantes em Porto Alegre\/RS). J\u00e1 as aulas online ser\u00e3o atrav\u00e9s da plataforma Zoom. O link do curso ser\u00e1 enviado por e-mail aos alunos matriculados.<\/p>\n<p><strong>Programa:<\/strong><br \/>\nComposi\u00e7\u00e3o do ar e atmosfera padr\u00e3o. Par\u00e2metros de umidade. Propriedades termodin\u00e2micas do ar \u00famido na satura\u00e7\u00e3o. Rela\u00e7\u00f5es de g\u00e1s perfeito para ar seco e \u00famido. Entalpia e volume espec\u00edfico do ar \u00famido. Temperaturas de bulbo \u00famido termodin\u00e2mico e orvalho. C\u00e1lculos num\u00e9ricos das propriedades do ar \u00famido. Cartas psicrom\u00e9tricas. Processos psicrom\u00e9tricos de aquecimento. Umidifica\u00e7\u00e3o com \u00e1gua vaporizada e evaporada. Desumidifica\u00e7\u00e3o por adsor\u00e7\u00e3o. Mistura de fluxos de ar. Resfriamento e desumidifica\u00e7\u00e3o sem e com mistura de ar. Reaquecimento, ar exterior total e controle de umidade. Bibliografia. Exerc\u00edcios.<\/p>\n<p><strong>Hor\u00e1rio:<\/strong><br \/>\nAulas dias 18-19-25-26\/04 e 02\/05, das 19h15min \u00e0s 22h15min.<\/p>\n<p><strong>Investimento:<\/strong><br \/>\nAssociados ASBRAV e estudantes de gradua\u00e7\u00e3o:<br \/>\nENT + 30d \u2192 R$ 900,00 \u00c0 VISTA 5% \u2192 R$ 855,00<br \/>\nDemais interessados:<br \/>\nNT + 30d \u2192 R$ 1.350,00 \u00c0 VISTA 5% \u2192 R$ 1.282,00<\/p>\n<p>Obs.: Estudante de gradua\u00e7\u00e3o necessitam apresentar comprovante de matr\u00edcula da Universidade.<\/p>\n<p><strong>Formas de Pagamento:<\/strong><br \/>\nBoleto, dep\u00f3sito em conta, PIX ou cart\u00e3o de cr\u00e9dito.<\/p>\n<p><strong>Informa\u00e7\u00f5es e inscri\u00e7\u00f5es:<\/strong><br \/>\nSede da ASBRAV em Porto Alegre<br \/>\nRua Arabutan, 324 \u2013 Bairro Navegantes<br \/>\nFones (51) 3342-2964 | 3342-9467 | 98634-2417 | 98634-2416<br \/>\nE-mail: secretaria@asbrav.org.br \u2013 www.asbrav.org.br<br \/>\nLink do curso aqui<\/p>\n<p><strong>Importante:<\/strong><br \/>\n\u2212 Necess\u00e1rio inscri\u00e7\u00e3o antecipada.<br \/>\n\u2212 Datas sujeitas a altera\u00e7\u00f5es sem pr\u00e9vio aviso.<br \/>\n\u2212 O curso poder\u00e1 ser postergado e\/ou cancelado caso n\u00e3o atinja o n\u00famero m\u00ednimo de participantes.<br \/>\n\u2212 Poder\u00e1 haver altera\u00e7\u00e3o no programa e substitui\u00e7\u00e3o de instrutores sem pr\u00e9vio aviso.<\/p>\n<p>Realiza\u00e7\u00e3o: ASBRAV<\/p>\n<hr \/>\n<h6><strong>PlayPress | Reda\u00e7\u00e3o: Julian Schumacher |\u00a0Coordena\u00e7\u00e3o: Marcelo Matusiak | Foto: Divulga\u00e7\u00e3o\u00a0Curso Psicrometria<\/strong><\/h6>\n<p><center><iframe loading=\"lazy\" class=\"jmvplayer\" src=\"https:\/\/player.jmvstream.com\/lvw\/YYGWo5wfZuZ8fEW7Qoq1ISwhLSEDhU\" width=\"640\" height=\"360\" frameborder=\"0\" allowfullscreen=\"allowfullscreen\"><\/iframe><\/center><\/p>\n<h6><\/h6>\n<\/div>\n<\/div>\n<\/div>\n<\/div>\n<\/div>\n<\/div>\n<\/div>\n<\/div>\n<\/div><\/div>","protected":false},"excerpt":{"rendered":"<p>Em formato h\u00edbrido, as aulas v\u00e3o de 18\/04 a 02\/05 Integrando o programa de forma\u00e7\u00e3o da ASBRAV (Associa\u00e7\u00e3o Sul Brasileira de Refrigera\u00e7\u00e3o, Ar Condicionado, Aquecimento e Ventila\u00e7\u00e3o) de projetistas para os sistemas de climatiza\u00e7\u00e3o, o Curso de Psicometria H\u00edbrido j\u00e1 conta com inscri\u00e7\u00f5es abertas. Para o diretor de Treinamento e Ensino da ASBRAV, Eduardo Broffman, [&hellip;]<\/p>\n","protected":false},"author":4,"featured_media":46807,"comment_status":"open","ping_status":"open","sticky":false,"template":"","format":"standard","meta":{"footnotes":""},"categories":[1],"tags":[],"class_list":["post-46806","post","type-post","status-publish","format-standard","has-post-thumbnail","hentry","category-sem-categoria"],"_links":{"self":[{"href":"http:\/\/sol.fm.br\/radio\/wp-json\/wp\/v2\/posts\/46806","targetHints":{"allow":["GET"]}}],"collection":[{"href":"http:\/\/sol.fm.br\/radio\/wp-json\/wp\/v2\/posts"}],"about":[{"href":"http:\/\/sol.fm.br\/radio\/wp-json\/wp\/v2\/types\/post"}],"author":[{"embeddable":true,"href":"http:\/\/sol.fm.br\/radio\/wp-json\/wp\/v2\/users\/4"}],"replies":[{"embeddable":true,"href":"http:\/\/sol.fm.br\/radio\/wp-json\/wp\/v2\/comments?post=46806"}],"version-history":[{"count":1,"href":"http:\/\/sol.fm.br\/radio\/wp-json\/wp\/v2\/posts\/46806\/revisions"}],"predecessor-version":[{"id":46808,"href":"http:\/\/sol.fm.br\/radio\/wp-json\/wp\/v2\/posts\/46806\/revisions\/46808"}],"wp:featuredmedia":[{"embeddable":true,"href":"http:\/\/sol.fm.br\/radio\/wp-json\/wp\/v2\/media\/46807"}],"wp:attachment":[{"href":"http:\/\/sol.fm.br\/radio\/wp-json\/wp\/v2\/media?parent=46806"}],"wp:term":[{"taxonomy":"category","embeddable":true,"href":"http:\/\/sol.fm.br\/radio\/wp-json\/wp\/v2\/categories?post=46806"},{"taxonomy":"post_tag","embeddable":true,"href":"http:\/\/sol.fm.br\/radio\/wp-json\/wp\/v2\/tags?post=46806"}],"curies":[{"name":"wp","href":"https:\/\/api.w.org\/{rel}","templated":true}]}}