{"id":46820,"date":"2022-04-08T11:03:26","date_gmt":"2022-04-08T14:03:26","guid":{"rendered":"http:\/\/sol.fm.br\/radio\/?p=46820"},"modified":"2022-04-08T11:03:26","modified_gmt":"2022-04-08T14:03:26","slug":"abert-realiza-evento-para-o-lancamento-da-mostra-radio-em-movimento-em-comemoracao-aos-100-anos-do-radio","status":"publish","type":"post","link":"http:\/\/sol.fm.br\/radio\/abert-realiza-evento-para-o-lancamento-da-mostra-radio-em-movimento-em-comemoracao-aos-100-anos-do-radio\/","title":{"rendered":"ABERT realiza evento para o lan\u00e7amento da Mostra R\u00e1dio em Movimento em comemora\u00e7\u00e3o aos 100 anos do R\u00e1dio"},"content":{"rendered":"<div id=\"dslc-theme-content\"><div id=\"dslc-theme-content-inner\"><div class=\"uk-margin-small abertura-subtitulo\"><em>Iniciativa tamb\u00e9m \u00e9 alusiva ao centen\u00e1rio da Semana de Arte Moderna, tamb\u00e9m comemorado em 2022<\/em><\/div>\n<div class=\"uk-margin-remove-vertical\">\n<p>A ABERT realizou nesta segunda-feira (4), no tradicional hotel Copacabana Palace, Rio de Janeiro, o lan\u00e7amento da Mostra R\u00e1dio em Movimento. A a\u00e7\u00e3o faz parte das celebra\u00e7\u00f5es dos 100 anos do r\u00e1dio no Brasil e une arte e cultura, com homenagens ao centen\u00e1rio da Semana de Arte Moderna, tamb\u00e9m comemorado em 2022.<\/p>\n<p>O presidente da ABERT, Fl\u00e1vio Lara Resende, ressaltou que os dois movimentos (inaugura\u00e7\u00e3o do r\u00e1dio no Brasil e a realiza\u00e7\u00e3o da Semana de Arte Moderna) tiveram pap\u00e9is importantes na cultura brasileira.<em> \u201cAs duas datas mudaram para sempre a hist\u00f3ria e a cultura do nosso pa\u00eds. \u00c9 o r\u00e1dio atrav\u00e9s do tempo e a arte atrav\u00e9s do r\u00e1dio\u201d<\/em>, comemorou o presidente da ABERT.<\/p>\n<p>O evento tamb\u00e9m chamou a aten\u00e7\u00e3o dos convidados, com a apresenta\u00e7\u00e3o de aparelhos de r\u00e1dio modelo Capelinha, bastante populares na d\u00e9cada de 1940, pintados por renomados artistas e grafiteiros brasileiros, lembrando as duas datas. O artista pl\u00e1stico Toninho Euz\u00e9bio foi uma das atra\u00e7\u00f5es do lan\u00e7amento.<\/p>\n<p>Conhecido por trabalhos que unem ilustra\u00e7\u00e3o e fotografia, Toninho pintou uma pe\u00e7a no local. Em \u201cRadiofus\u00e3o\u201d, o representante do Distrito Federal apresentou seu estilo irreverente e divertido. Usando tinta acr\u00edlica e caneta posca, de alta cobertura, Toninho incluiu o r\u00e1dio em obras de Anita Malfatti, Di Cavalcanti e Tarsila do Amaral. <em>\u201c\u00c9 uma fus\u00e3o do r\u00e1dio com a arte, com o p\u00fablico, com a vida\u201d<\/em>, explica o artista.<\/p>\n<p>Al\u00e9m de Toninho Euz\u00e9bio, Ralfe Braga, tamb\u00e9m do Distrito Federal, apresentou \u201cNas ondas do r\u00e1dio\u201d, Gil de Lima e Rafamon, do Rio de Janeiro, apresentaram seus trabalhos \u201cEternamente Elza\u201d e \u201cPrisma\u201d, respectivamente.<\/p>\n<p>Cada unidade da Federa\u00e7\u00e3o escolher\u00e1 entre tr\u00eas pe\u00e7as, uma obra que ir\u00e1 representar seu estado. Ao todo, 27 pe\u00e7as art\u00edsticas estar\u00e3o expostas em Bras\u00edlia, no 29\u00ba Congresso Brasileiro de Radiodifus\u00e3o, que acontece em novembro, quando a ABERT completa 60 anos. Os r\u00e1dios far\u00e3o parte de uma grande a\u00e7\u00e3o de combate \u00e0 fome, desenvolvida pela ABERT e entidades de radiodifus\u00e3o associadas.<\/p>\n<p><strong>Reuni\u00e3o do Conselho Superior<\/strong><\/p>\n<p data-fetch=\"true\">O evento reuniu o Conselho Superior da ABERT e presidentes de associa\u00e7\u00f5es estaduais de radiodifus\u00e3o, al\u00e9m do governador do Rio de Janeiro, Cl\u00e1udio Castro (PL), do presidente do Cenp (F\u00f3rum da Autorregulamenta\u00e7\u00e3o do Mercado Publicit\u00e1rio), Luiz Lara, e do diretor da Patri Pol\u00edticas P\u00fablicas, Rui Nogueira.<\/p>\n<p>Ao ressaltar a import\u00e2ncia do r\u00e1dio na vida do brasileiro, Cl\u00e1udio Castro lembrou do papel dos ve\u00edculos de comunica\u00e7\u00e3o, em especial na trag\u00e9dia de Petr\u00f3polis. <em>\u201cOs ve\u00edculos de comunica\u00e7\u00e3o s\u00e3o imprescind\u00edveis\u201d<\/em>, afirmou.<\/p>\n<hr \/>\n<\/div>\n<h6 class=\"uk-margin-small\"><strong><span class=\"prefix\">Fonte:<\/span>\u00a0Tudo R\u00e1dio<\/strong><\/h6>\n<p><center><iframe loading=\"lazy\" class=\"jmvplayer\" src=\"https:\/\/player.jmvstream.com\/lvw\/YYGWo5wfZuZ8fEW7Qoq1ISwhLSEDhU\" width=\"640\" height=\"360\" frameborder=\"0\" allowfullscreen=\"allowfullscreen\"><\/iframe><\/center><\/p>\n<h6 class=\"uk-margin-small\"><\/h6>\n<\/div><\/div>","protected":false},"excerpt":{"rendered":"<p>Iniciativa tamb\u00e9m \u00e9 alusiva ao centen\u00e1rio da Semana de Arte Moderna, tamb\u00e9m comemorado em 2022 A ABERT realizou nesta segunda-feira (4), no tradicional hotel Copacabana Palace, Rio de Janeiro, o lan\u00e7amento da Mostra R\u00e1dio em Movimento. A a\u00e7\u00e3o faz parte das celebra\u00e7\u00f5es dos 100 anos do r\u00e1dio no Brasil e une arte e cultura, com [&hellip;]<\/p>\n","protected":false},"author":4,"featured_media":46821,"comment_status":"open","ping_status":"open","sticky":false,"template":"","format":"standard","meta":{"footnotes":""},"categories":[1],"tags":[],"class_list":["post-46820","post","type-post","status-publish","format-standard","has-post-thumbnail","hentry","category-sem-categoria"],"_links":{"self":[{"href":"http:\/\/sol.fm.br\/radio\/wp-json\/wp\/v2\/posts\/46820","targetHints":{"allow":["GET"]}}],"collection":[{"href":"http:\/\/sol.fm.br\/radio\/wp-json\/wp\/v2\/posts"}],"about":[{"href":"http:\/\/sol.fm.br\/radio\/wp-json\/wp\/v2\/types\/post"}],"author":[{"embeddable":true,"href":"http:\/\/sol.fm.br\/radio\/wp-json\/wp\/v2\/users\/4"}],"replies":[{"embeddable":true,"href":"http:\/\/sol.fm.br\/radio\/wp-json\/wp\/v2\/comments?post=46820"}],"version-history":[{"count":1,"href":"http:\/\/sol.fm.br\/radio\/wp-json\/wp\/v2\/posts\/46820\/revisions"}],"predecessor-version":[{"id":46822,"href":"http:\/\/sol.fm.br\/radio\/wp-json\/wp\/v2\/posts\/46820\/revisions\/46822"}],"wp:featuredmedia":[{"embeddable":true,"href":"http:\/\/sol.fm.br\/radio\/wp-json\/wp\/v2\/media\/46821"}],"wp:attachment":[{"href":"http:\/\/sol.fm.br\/radio\/wp-json\/wp\/v2\/media?parent=46820"}],"wp:term":[{"taxonomy":"category","embeddable":true,"href":"http:\/\/sol.fm.br\/radio\/wp-json\/wp\/v2\/categories?post=46820"},{"taxonomy":"post_tag","embeddable":true,"href":"http:\/\/sol.fm.br\/radio\/wp-json\/wp\/v2\/tags?post=46820"}],"curies":[{"name":"wp","href":"https:\/\/api.w.org\/{rel}","templated":true}]}}