{"id":46823,"date":"2022-04-08T11:05:56","date_gmt":"2022-04-08T14:05:56","guid":{"rendered":"http:\/\/sol.fm.br\/radio\/?p=46823"},"modified":"2022-04-08T11:05:56","modified_gmt":"2022-04-08T14:05:56","slug":"estavel-radio-segue-ouvido-por-935-da-populacao-na-alemanha","status":"publish","type":"post","link":"http:\/\/sol.fm.br\/radio\/estavel-radio-segue-ouvido-por-935-da-populacao-na-alemanha\/","title":{"rendered":"Est\u00e1vel, r\u00e1dio segue ouvido por 93,5% da popula\u00e7\u00e3o na Alemanha"},"content":{"rendered":"<div id=\"dslc-theme-content\"><div id=\"dslc-theme-content-inner\"><div class=\"uk-margin-small abertura-subtitulo\"><em>Dados s\u00e3o relacionados \u00e0 pesquisa de 2022, que cravou o mesmo valor percentual do levantamento de 2021<\/em><\/div>\n<div class=\"uk-margin-remove-vertical\">\n<p>Estabilidade \u00e9 a palavra que talvez melhor define o consumo de r\u00e1dio na Alemanha. E, para manter o otimismo do setor, essa resili\u00eancia ocorre com n\u00fameros elevados. Segundo a \u00faltima pesquisa ma 2022 \u00e1udio, que afere todo o consumo de \u00e1udio no pa\u00eds europeu,\u00a0o r\u00e1dio \u00e9 ouvido por 93,5% da popula\u00e7\u00e3o alem\u00e3. Trata-se do mesmo percentual registrado na pesquisa de 2021. O levantamento tamb\u00e9m indica que o consumo de r\u00e1dio ocorre nos mais diversos formatos, seja pela tradicional transmiss\u00e3o terrestre, como tamb\u00e9m pelo uso de dispositivos online.<\/p>\n<p>Segundo a ma 2022 \u00e1udio, s\u00e3o\u00a052 milh\u00f5es de pessoas que \"integram os programas das esta\u00e7\u00f5es de r\u00e1dio em sua vida cotidiana\". Trata-se de uma estabilidade em rela\u00e7\u00e3o aos n\u00fameros de 2021. E a pesquisa tamb\u00e9m aponta que o tempo de escuta est\u00e1 caindo ligeiramente em todos os canais de distribui\u00e7\u00e3o de r\u00e1dio, mas isso significa que est\u00e1 retornando para os n\u00edveis pr\u00e9-pandemia. O tempo de escuta de r\u00e1dio tem sido constante por muitos anos. Por exemplo: hoje s\u00e3o 254 minutos de perman\u00eancia e em 2012 esse valor era de 253 minutos.<\/p>\n<p>Outro recorte importante da medi\u00e7\u00e3o est\u00e1 relacionado ao\u00a0p\u00fablico jovem. A imprensa especializada diz que os dados da pesquisa mostram que o consumo \"contrariou a tend\u00eancia\", com o alcance entre os jovens de 14 a 29 anos aumentando ligeiramente. O alcance di\u00e1rio neste grupo-alvo jovem\u00a0aumentou cerca de 1% via r\u00e1dio e \u00e1udio online.<\/p>\n<p>O r\u00e1dio alem\u00e3o \u00e9 consumido de diferentes formas: FM anal\u00f3gico, DAB+ (transmiss\u00e3o terrestre digital) e streaming de \u00e1udio (neste caso por diferentes dispositivos conectados). No caso do DAB+, a imprensa especializada afirma que a transmiss\u00e3o terrestre digital \"est\u00e1 sendo constantemente otimizada\" e est\u00e1 avan\u00e7ando:\u00a0hoje o r\u00e1dio digital via ondas tem 24,5% do total do consumo, contra 20,4% na pesquisa de 2021.<\/p>\n<p>\u201cEm tempos socialmente incertos, a m\u00eddia \u00e9 colocada \u00e0 prova. A utiliza\u00e7\u00e3o constante das ofertas de r\u00e1dio ao longo dos anos, independentemente da forma como s\u00e3o executadas, \u00e9 um forte sinal de que as ofertas das r\u00e1dios est\u00e3o sempre atualizadas\u201d,explica Grit Leith\u00e4user, diretora executiva da Radiozentrale, em reportagem publicada pelo portal Radioszene.<\/p>\n<p>Leith\u00e4user afirma tamb\u00e9m que \"a mistura de informa\u00e7\u00e3o e entretenimento e a incorpora\u00e7\u00e3o de tudo na tonalidade certa \u00e9 um ativo importante no cen\u00e1rio da m\u00eddia alem\u00e3, especialmente considerando a atual situa\u00e7\u00e3o geral\".<\/p>\n<p>J\u00e1\u00a0todos os formatos de \u00e1udio, que incluem tamb\u00e9m streaming de m\u00fasica, podcasts, r\u00e1dio terrestre e r\u00e1dio via streaming, a ma audio 2022 aponta que\u00a096,6% da popula\u00e7\u00e3o alem\u00e3 usa pelo menos uma oferta do universo de \u00e1udio em quatro semanas. No grupo-alvo de 14 a 49 anos \u00e9 de 97,2%.<\/p>\n<p><em>\u201cO g\u00eanero r\u00e1dio\/\u00e1udio continua se mantendo na batalha pela aten\u00e7\u00e3o dos usu\u00e1rios de m\u00eddia e or\u00e7amentos de tempo. Em detalhes, o desenvolvimento \u00e9 um pouco inconsistente: No geral, o uso de r\u00e1dio e \u00e1udio \u00e9 constante em alto n\u00edvel para o grupo mais amplo de ouvintes e o alcance di\u00e1rio. O \u00e1udio online quase atingiu os valores do ano anterior, a ma Audio registrou um claro aumento na utiliza\u00e7\u00e3o de ofertas DAB+ e podcasts.\u201d<\/em> afirma Jan Isenbart , diretor de R\u00e1dio\/\u00c1udio da agma, em publica\u00e7\u00e3o do portal Radioszene.<\/p>\n<p><strong>Qual a raz\u00e3o de olhar para l\u00e1 fora?<\/strong><\/p>\n<p>O\u00a0tudoradio.com\u00a0costuma observar esses pontos de curiosidade dos n\u00fameros do r\u00e1dio internacional para\u00a0mapear poss\u00edveis mudan\u00e7as de h\u00e1bitos e a manuten\u00e7\u00e3o do consumo de r\u00e1dio em diferentes pa\u00edses. Assim como ocorreu no ano anterior, periodicamente a reda\u00e7\u00e3o do portal ir\u00e1 monitorar o desempenho do r\u00e1dio nos principais mercados do mundo e, \u00e9 claro, fazendo sempre uma compara\u00e7\u00e3o com a situa\u00e7\u00e3o brasileira. E, como de costume, repercutindo tamb\u00e9m qualquer n\u00famero confi\u00e1vel sobre o consumo de r\u00e1dio no Brasil.<\/p>\n<hr \/>\n<h6><strong>Com informa\u00e7\u00f5es do portal Radiozene.de e Radiozentrale. Colabora\u00e7\u00e3o de David Duck |\u00a0<span class=\"prefix\">Fonte:<\/span>\u00a0Tudo R\u00e1dio<\/strong><\/h6>\n<p><center><iframe loading=\"lazy\" class=\"jmvplayer\" src=\"https:\/\/player.jmvstream.com\/lvw\/YYGWo5wfZuZ8fEW7Qoq1ISwhLSEDhU\" width=\"640\" height=\"360\" frameborder=\"0\" allowfullscreen=\"allowfullscreen\"><\/iframe><\/center><\/p>\n<h6><\/h6>\n<\/div>\n<\/div><\/div>","protected":false},"excerpt":{"rendered":"<p>Dados s\u00e3o relacionados \u00e0 pesquisa de 2022, que cravou o mesmo valor percentual do levantamento de 2021 Estabilidade \u00e9 a palavra que talvez melhor define o consumo de r\u00e1dio na Alemanha. E, para manter o otimismo do setor, essa resili\u00eancia ocorre com n\u00fameros elevados. Segundo a \u00faltima pesquisa ma 2022 \u00e1udio, que afere todo o [&hellip;]<\/p>\n","protected":false},"author":4,"featured_media":46824,"comment_status":"open","ping_status":"open","sticky":false,"template":"","format":"standard","meta":{"footnotes":""},"categories":[1],"tags":[],"class_list":["post-46823","post","type-post","status-publish","format-standard","has-post-thumbnail","hentry","category-sem-categoria"],"_links":{"self":[{"href":"http:\/\/sol.fm.br\/radio\/wp-json\/wp\/v2\/posts\/46823","targetHints":{"allow":["GET"]}}],"collection":[{"href":"http:\/\/sol.fm.br\/radio\/wp-json\/wp\/v2\/posts"}],"about":[{"href":"http:\/\/sol.fm.br\/radio\/wp-json\/wp\/v2\/types\/post"}],"author":[{"embeddable":true,"href":"http:\/\/sol.fm.br\/radio\/wp-json\/wp\/v2\/users\/4"}],"replies":[{"embeddable":true,"href":"http:\/\/sol.fm.br\/radio\/wp-json\/wp\/v2\/comments?post=46823"}],"version-history":[{"count":1,"href":"http:\/\/sol.fm.br\/radio\/wp-json\/wp\/v2\/posts\/46823\/revisions"}],"predecessor-version":[{"id":46825,"href":"http:\/\/sol.fm.br\/radio\/wp-json\/wp\/v2\/posts\/46823\/revisions\/46825"}],"wp:featuredmedia":[{"embeddable":true,"href":"http:\/\/sol.fm.br\/radio\/wp-json\/wp\/v2\/media\/46824"}],"wp:attachment":[{"href":"http:\/\/sol.fm.br\/radio\/wp-json\/wp\/v2\/media?parent=46823"}],"wp:term":[{"taxonomy":"category","embeddable":true,"href":"http:\/\/sol.fm.br\/radio\/wp-json\/wp\/v2\/categories?post=46823"},{"taxonomy":"post_tag","embeddable":true,"href":"http:\/\/sol.fm.br\/radio\/wp-json\/wp\/v2\/tags?post=46823"}],"curies":[{"name":"wp","href":"https:\/\/api.w.org\/{rel}","templated":true}]}}