{"id":46826,"date":"2022-04-08T11:08:16","date_gmt":"2022-04-08T14:08:16","guid":{"rendered":"http:\/\/sol.fm.br\/radio\/?p=46826"},"modified":"2022-04-08T11:08:16","modified_gmt":"2022-04-08T14:08:16","slug":"para-medir-radio-nielsen-apresenta-dispositivos-mais-portateis-e-de-aparencia-contemporanea","status":"publish","type":"post","link":"http:\/\/sol.fm.br\/radio\/para-medir-radio-nielsen-apresenta-dispositivos-mais-portateis-e-de-aparencia-contemporanea\/","title":{"rendered":"Para medir r\u00e1dio, Nielsen apresenta dispositivos mais port\u00e1teis e de apar\u00eancia contempor\u00e2nea"},"content":{"rendered":"<div id=\"dslc-theme-content\"><div id=\"dslc-theme-content-inner\"><div class=\"uk-margin-small abertura-subtitulo\"><em>Empresa respons\u00e1vel pela aferi\u00e7\u00e3o da audi\u00eancia de r\u00e1dio nos Estados Unidos usa dispositivos que lembram os aposentados \"pagers\". Novos equipamentos aumentaram o tempo de uso<\/em><\/div>\n<div class=\"uk-margin-remove-vertical\">\n<p>Um bracelete, um pingente ou um \"grampo\". S\u00e3o essas as novas caras dos dispositivos de medi\u00e7\u00e3o eletr\u00f4nica de audi\u00eancia da Nielsen, empresa respons\u00e1vel por aferir o consumo de r\u00e1dio nos Estados Unidos. Os novos equipamentos foram apresentados na \u00faltima quinta-feira (31) ao mercado local e passaram por mais de 4 anos de testes. A ideia \u00e9 diminuir a presen\u00e7a do dispositivo atual, que \u00e9 um aparelho muito semelhante ao aposentado pager (usado entre os anos 80 e 90 como um aparelho de recebimento de mensagens). Nos testes, os novos equipamentos foram mais utilizados pelos usu\u00e1rios, ou seja, podem ampliar o tempo de medi\u00e7\u00e3o.<\/p>\n<p>Os novos medidores com apar\u00eancia mais contempor\u00e2nea e ainda mais port\u00e1teis (pois s\u00e3o bem menores do que os dispositivos atuais) ser\u00e3o distribu\u00eddos a partir do final deste m\u00eas. Por\u00e9m, segundo o que veiculou a imprensa local especializada, n\u00e3o haver\u00e1 uma substitui\u00e7\u00e3o completa dos antigos dispositivos de PPM, que ainda seguir\u00e3o presentes nas medi\u00e7\u00f5es e inclusive com novas distribui\u00e7\u00f5es.<\/p>\n<p>A ideia desses equipamentos mais port\u00e1teis \u00e9 ampliar novamente a base usada para as medi\u00e7\u00f5es da Nielsen Audio, esta que teve problemas com a crise na cadeia de suprimentos globais, esta ocasionada pela pandemia da covid-19. Esse quadro afeta diretamente a remessa de novos dispositivos PPM ao mercado, diminuindo assim a base de aferi\u00e7\u00e3o do consumo de r\u00e1dio.<\/p>\n<p><em>\u201cSer capaz de recrutar ambos simultaneamente nos permite realmente mitigar quaisquer riscos da cadeia de suprimentos para qualquer fator de forma\u201d<\/em>, disse Erin Wittkowski, principal cientista de dados da Nielsen, Audio Meters, durante um webinar para clientes na \u00faltima quinta-feira (31). <em>\u201cIsso realmente nos posiciona para poder recuperar nosso painel e tamb\u00e9m come\u00e7ar a introduzir wearables em nosso painel PPM, porque nos sentimos muito bem com isso.\u201d<\/em>, completa o executivo.<\/p>\n<p>O r\u00e1dio norte-americano conta com medi\u00e7\u00e3o eletr\u00f4nica da Nielsen Audio chamada PPM (Portable People Meter), presente em 48 mercados.<\/p>\n<p><strong>Maior tempo de escuta de r\u00e1dio?<\/strong><\/p>\n<p>\u00c9 poss\u00edvel que os novos medidores afetem positivamente o tempo de escuta das esta\u00e7\u00f5es. Motivo? Por serem mais port\u00e1teis e com apar\u00eancia mais agrad\u00e1vel, os usu\u00e1rios est\u00e3o carregando os acess\u00f3rios por mais tempo. Isso foi poss\u00edvel perceber atrav\u00e9s dos resultados dos testes realizados pela empresa. \u00a0Os novos dispositivos \"vest\u00edveis\" ampliaram o \u201ctempo de uso\u201d em cerca de uma hora por dia para pessoas com mais de 6 anos. Ou seja, isso se traduziu em taxas 10% mais altas na medi\u00e7\u00e3o.<\/p>\n<p><em>\u201cTestamos vigorosamente todos os aspectos do novo wearable PPM\u201d,<\/em> afirma o diretor administrativo da Nielsen Audio, Brad Kelly.<em> \u201cOs wearables PPM representar\u00e3o um grande passo \u00e0 frente e preparar\u00e3o bem a ind\u00fastria para o futuro.\u201d<\/em>, completa.<\/p>\n<p><strong>E por qual raz\u00e3o olhar para l\u00e1 fora?<\/strong><\/p>\n<p>O\u00a0tudoradio.com\u00a0costuma observar esses pontos de curiosidade dos n\u00fameros do r\u00e1dio internacional para\u00a0mapear poss\u00edveis mudan\u00e7as de h\u00e1bitos e a manuten\u00e7\u00e3o do consumo de r\u00e1dio em diferentes pa\u00edses. Assim como ocorreu no ano anterior, periodicamente a reda\u00e7\u00e3o do portal ir\u00e1 monitorar o desempenho do r\u00e1dio nos principais mercados do mundo e, \u00e9 claro, fazendo sempre uma compara\u00e7\u00e3o com a situa\u00e7\u00e3o brasileira. E, como de costume, repercutindo tamb\u00e9m qualquer n\u00famero confi\u00e1vel sobre o consumo de r\u00e1dio no Brasil.<\/p>\n<hr \/>\n<h6><strong>Com informa\u00e7\u00f5es da Nielsen Audio e do portal Inside Radio |\u00a0<span class=\"prefix\">Fonte:<\/span>\u00a0Tudo R\u00e1dio<\/strong><\/h6>\n<p><center><iframe loading=\"lazy\" class=\"jmvplayer\" src=\"https:\/\/player.jmvstream.com\/lvw\/YYGWo5wfZuZ8fEW7Qoq1ISwhLSEDhU\" width=\"640\" height=\"360\" frameborder=\"0\" allowfullscreen=\"allowfullscreen\"><\/iframe><\/center><\/p>\n<h6><\/h6>\n<\/div>\n<\/div><\/div>","protected":false},"excerpt":{"rendered":"<p>Empresa respons\u00e1vel pela aferi\u00e7\u00e3o da audi\u00eancia de r\u00e1dio nos Estados Unidos usa dispositivos que lembram os aposentados \"pagers\". Novos equipamentos aumentaram o tempo de uso Um bracelete, um pingente ou um \"grampo\". S\u00e3o essas as novas caras dos dispositivos de medi\u00e7\u00e3o eletr\u00f4nica de audi\u00eancia da Nielsen, empresa respons\u00e1vel por aferir o consumo de r\u00e1dio nos [&hellip;]<\/p>\n","protected":false},"author":4,"featured_media":46827,"comment_status":"open","ping_status":"open","sticky":false,"template":"","format":"standard","meta":{"footnotes":""},"categories":[1],"tags":[],"class_list":["post-46826","post","type-post","status-publish","format-standard","has-post-thumbnail","hentry","category-sem-categoria"],"_links":{"self":[{"href":"http:\/\/sol.fm.br\/radio\/wp-json\/wp\/v2\/posts\/46826","targetHints":{"allow":["GET"]}}],"collection":[{"href":"http:\/\/sol.fm.br\/radio\/wp-json\/wp\/v2\/posts"}],"about":[{"href":"http:\/\/sol.fm.br\/radio\/wp-json\/wp\/v2\/types\/post"}],"author":[{"embeddable":true,"href":"http:\/\/sol.fm.br\/radio\/wp-json\/wp\/v2\/users\/4"}],"replies":[{"embeddable":true,"href":"http:\/\/sol.fm.br\/radio\/wp-json\/wp\/v2\/comments?post=46826"}],"version-history":[{"count":1,"href":"http:\/\/sol.fm.br\/radio\/wp-json\/wp\/v2\/posts\/46826\/revisions"}],"predecessor-version":[{"id":46828,"href":"http:\/\/sol.fm.br\/radio\/wp-json\/wp\/v2\/posts\/46826\/revisions\/46828"}],"wp:featuredmedia":[{"embeddable":true,"href":"http:\/\/sol.fm.br\/radio\/wp-json\/wp\/v2\/media\/46827"}],"wp:attachment":[{"href":"http:\/\/sol.fm.br\/radio\/wp-json\/wp\/v2\/media?parent=46826"}],"wp:term":[{"taxonomy":"category","embeddable":true,"href":"http:\/\/sol.fm.br\/radio\/wp-json\/wp\/v2\/categories?post=46826"},{"taxonomy":"post_tag","embeddable":true,"href":"http:\/\/sol.fm.br\/radio\/wp-json\/wp\/v2\/tags?post=46826"}],"curies":[{"name":"wp","href":"https:\/\/api.w.org\/{rel}","templated":true}]}}