{"id":46829,"date":"2022-04-08T11:10:46","date_gmt":"2022-04-08T14:10:46","guid":{"rendered":"http:\/\/sol.fm.br\/radio\/?p=46829"},"modified":"2022-04-08T11:10:46","modified_gmt":"2022-04-08T14:10:46","slug":"pim-rolante-desenvolve-projeto-de-consciencia-ambiental-com-144-familias","status":"publish","type":"post","link":"http:\/\/sol.fm.br\/radio\/pim-rolante-desenvolve-projeto-de-consciencia-ambiental-com-144-familias\/","title":{"rendered":"PIM Rolante desenvolve projeto de consci\u00eancia ambiental com 144 fam\u00edlias"},"content":{"rendered":"<div id=\"dslc-theme-content\"><div id=\"dslc-theme-content-inner\"><p>Em Rolante, o Programa Primeira Inf\u00e2ncia Melhor, ligado \u00e0 Secretaria de Desenvolvimento Social, Habita\u00e7\u00e3o e Cidadania, est\u00e1 atendendo 144 fam\u00edlias neste ano, sob a coordena\u00e7\u00e3o de Viviane Silva, com 9 visitadores e uma monitora.<\/p>\n<p>Neste ano, o PIM Rolante est\u00e1 desenvolvendo um projeto de consci\u00eancia ambiental com as fam\u00edlias atendidas, atrav\u00e9s da distribui\u00e7\u00e3o de folder informativo e orienta\u00e7\u00e3o sobre a organiza\u00e7\u00e3o dos materiais recicl\u00e1veis, os n\u00e3o recicl\u00e1veis e org\u00e2nicos. Bem como distribui\u00e7\u00e3o de folders de conscientiza\u00e7\u00e3o do descarte correto de pilhas, baterias e l\u00e2mpadas, em fun\u00e7\u00e3o de que esses objetos possuem subst\u00e2ncias altamente t\u00f3xicas que podem contaminar o solo quando n\u00e3o descartados de forma correta, causando problemas \u00e0 sa\u00fade das pessoas. Al\u00e9m disto, os visitadores fizeram v\u00e1rias atividades l\u00fadicas com as crian\u00e7as, utilizando materiais recicl\u00e1veis.<\/p>\n<p><em>\u201cDiversas fam\u00edlias precisam muito de ajuda para que tenham um ambiente organizado em uma perspectiva ambiental mais adequada. Ent\u00e3o, fizemos uma campanha de conscientiza\u00e7\u00e3o da limpeza em volta da casa, plantio de flores para embelezar o lugar, (doadas pelo Projeto Papa Mel), a import\u00e2ncia de saber separar o lixo, incentivamos uma horta familiar com mudinhas doadas pelo o CRAS para algumas fam\u00edlias que gostariam de plantar suas pr\u00f3prias verduras e distribu\u00edmos mudas de ora-pro-n\u00f3bis, que por ser uma planta rica em prote\u00edna, c\u00e1lcio, ferro, pot\u00e1ssio, magn\u00e9sio e zinco, pode ajudar na preven\u00e7\u00e3o de v\u00e1rias doen\u00e7as\u201d,<\/em> salienta Viviane.<\/p>\n<p><strong>Programa Primeira Inf\u00e2ncia Melhor - PIM<\/strong><\/p>\n<p>O PIM tem como objetivo promover o desenvolvimento humano a partir do desenvolvimento integral na primeira inf\u00e2ncia, atrav\u00e9s de visitas domiciliares e comunit\u00e1rias realizadas semanalmente \u00e0s fam\u00edlias, visando o fortalecimento de suas compet\u00eancias para educar e cuidar de suas crian\u00e7as.<\/p>\n<p><em>\u201cAs a\u00e7\u00f5es t\u00eam como foco a promo\u00e7\u00e3o do desenvolvimento integral infantil, bem como a identifica\u00e7\u00e3o de necessidades das fam\u00edlias que devem ser articuladas em rede, visando a integralidade do cuidado. Atrav\u00e9s das visitas domiciliares conhecemos de perto a realidade de cada fam\u00edlia e buscamos dar todo o suporte necess\u00e1rio para que elas tenham mais qualidade de vida\u201d<\/em>, salienta a secret\u00e1ria de Desenvolvimento Social, Alzira Rippel.<\/p>\n<p><img loading=\"lazy\" decoding=\"async\" class=\"wp-image-46831 aligncenter\" src=\"http:\/\/sol.fm.br\/radio\/wp-content\/uploads\/2022\/04\/01-1-400x300.jpeg\" alt=\"\" width=\"443\" height=\"332\" srcset=\"http:\/\/sol.fm.br\/radio\/wp-content\/uploads\/2022\/04\/01-1-400x300.jpeg 400w, http:\/\/sol.fm.br\/radio\/wp-content\/uploads\/2022\/04\/01-1-768x576.jpeg 768w, http:\/\/sol.fm.br\/radio\/wp-content\/uploads\/2022\/04\/01-1.jpeg 1280w\" sizes=\"auto, (max-width: 443px) 100vw, 443px\" \/><\/p>\n<hr \/>\n<h6><strong>Prefeitura Municipal de Rolante | Foto: Edna Cardoso<\/strong><\/h6>\n<p><center><iframe loading=\"lazy\" class=\"jmvplayer\" src=\"https:\/\/player.jmvstream.com\/lvw\/YYGWo5wfZuZ8fEW7Qoq1ISwhLSEDhU\" width=\"640\" height=\"360\" frameborder=\"0\" allowfullscreen=\"allowfullscreen\"><\/iframe><\/center><\/p>\n<h6><\/h6>\n<\/div><\/div>","protected":false},"excerpt":{"rendered":"<p>Em Rolante, o Programa Primeira Inf\u00e2ncia Melhor, ligado \u00e0 Secretaria de Desenvolvimento Social, Habita\u00e7\u00e3o e Cidadania, est\u00e1 atendendo 144 fam\u00edlias neste ano, sob a coordena\u00e7\u00e3o de Viviane Silva, com 9 visitadores e uma monitora. Neste ano, o PIM Rolante est\u00e1 desenvolvendo um projeto de consci\u00eancia ambiental com as fam\u00edlias atendidas, atrav\u00e9s da distribui\u00e7\u00e3o de folder [&hellip;]<\/p>\n","protected":false},"author":4,"featured_media":46830,"comment_status":"open","ping_status":"open","sticky":false,"template":"","format":"standard","meta":{"footnotes":""},"categories":[1],"tags":[],"class_list":["post-46829","post","type-post","status-publish","format-standard","has-post-thumbnail","hentry","category-sem-categoria"],"_links":{"self":[{"href":"http:\/\/sol.fm.br\/radio\/wp-json\/wp\/v2\/posts\/46829","targetHints":{"allow":["GET"]}}],"collection":[{"href":"http:\/\/sol.fm.br\/radio\/wp-json\/wp\/v2\/posts"}],"about":[{"href":"http:\/\/sol.fm.br\/radio\/wp-json\/wp\/v2\/types\/post"}],"author":[{"embeddable":true,"href":"http:\/\/sol.fm.br\/radio\/wp-json\/wp\/v2\/users\/4"}],"replies":[{"embeddable":true,"href":"http:\/\/sol.fm.br\/radio\/wp-json\/wp\/v2\/comments?post=46829"}],"version-history":[{"count":1,"href":"http:\/\/sol.fm.br\/radio\/wp-json\/wp\/v2\/posts\/46829\/revisions"}],"predecessor-version":[{"id":46832,"href":"http:\/\/sol.fm.br\/radio\/wp-json\/wp\/v2\/posts\/46829\/revisions\/46832"}],"wp:featuredmedia":[{"embeddable":true,"href":"http:\/\/sol.fm.br\/radio\/wp-json\/wp\/v2\/media\/46830"}],"wp:attachment":[{"href":"http:\/\/sol.fm.br\/radio\/wp-json\/wp\/v2\/media?parent=46829"}],"wp:term":[{"taxonomy":"category","embeddable":true,"href":"http:\/\/sol.fm.br\/radio\/wp-json\/wp\/v2\/categories?post=46829"},{"taxonomy":"post_tag","embeddable":true,"href":"http:\/\/sol.fm.br\/radio\/wp-json\/wp\/v2\/tags?post=46829"}],"curies":[{"name":"wp","href":"https:\/\/api.w.org\/{rel}","templated":true}]}}