{"id":46836,"date":"2022-04-08T13:40:31","date_gmt":"2022-04-08T16:40:31","guid":{"rendered":"http:\/\/sol.fm.br\/radio\/?p=46836"},"modified":"2022-04-08T13:40:31","modified_gmt":"2022-04-08T16:40:31","slug":"governo-federal-antecipa-bandeira-verde-e-reduz-tarifa-de-energia-eletrica","status":"publish","type":"post","link":"http:\/\/sol.fm.br\/radio\/governo-federal-antecipa-bandeira-verde-e-reduz-tarifa-de-energia-eletrica\/","title":{"rendered":"Governo Federal antecipa bandeira verde e reduz tarifa de energia el\u00e9trica"},"content":{"rendered":"<div id=\"dslc-theme-content\"><div id=\"dslc-theme-content-inner\"><p class=\"x_ydpcdb28060yiv4539045174x_x_x_x_MsoNormal\"><em>O Governo Federal\u00a0antecipou o fim da tarifa de escassez h\u00eddrica\u00a0e a conta de luz vai ficar at\u00e9\u00a020%\u00a0mais barata<\/em><\/p>\n<p class=\"x_ydpcdb28060yiv4539045174x_x_x_x_MsoNormal\">A partir da pr\u00f3xima semana (16\/4\/22), a tarifa de energia el\u00e9trica passa a ser com a\u00a0<a title=\"https:\/\/www.gov.br\/mme\/pt-br\/assuntos\/noticias\/bandeira-verde-para-todos-os-consumidores-de-energia-a-partir-de-16-de-abril\" href=\"https:\/\/www.gov.br\/mme\/pt-br\/assuntos\/noticias\/bandeira-verde-para-todos-os-consumidores-de-energia-a-partir-de-16-de-abril\" target=\"_blank\" rel=\"nofollow noopener noreferrer\" data-auth=\"NotApplicable\" data-linkindex=\"0\">bandeira verde\u00a0para\u00a0todos os consumidores<\/a>\u00a0do Pa\u00eds. Isso significa que a a\u00e7\u00e3o do Governo Federal ir\u00e1\u00a0reduzir\u00a0em at\u00e9\u00a020%\u00a0a conta de luz!<\/p>\n<p class=\"x_ydpcdb28060yiv4539045174x_x_x_x_MsoNormal\">O benef\u00edcio foi poss\u00edvel devido ao aumento das chuvas e ao\u00a0empenho\u00a0do Governo Federal na preserva\u00e7\u00e3o dos\u00a0usos m\u00faltiplos de \u00e1gua, o que gerou\u00a0aumento no volume dos reservat\u00f3rios, garantindo a seguran\u00e7a no fornecimento de energia el\u00e9trica.<\/p>\n<p class=\"x_ydpcdb28060yiv4539045174x_x_x_x_MsoNormal\">\u00c9 o\u00a0Governo Federal assegurando o abastecimento energ\u00e9tico com compet\u00eancia. Um governo que cuida do Pa\u00eds e segue firme na busca de solu\u00e7\u00f5es que beneficiem a popula\u00e7\u00e3o!<\/p>\n<hr \/>\n<h6 class=\"x_ydpcdb28060yiv4539045174x_x_x_x_MsoNormal\"><strong>Governo Federal<\/strong><\/h6>\n<p><center><iframe loading=\"lazy\" class=\"jmvplayer\" src=\"https:\/\/player.jmvstream.com\/lvw\/YYGWo5wfZuZ8fEW7Qoq1ISwhLSEDhU\" width=\"640\" height=\"360\" frameborder=\"0\" allowfullscreen=\"allowfullscreen\"><\/iframe><\/center><\/p>\n<h6 class=\"x_ydpcdb28060yiv4539045174x_x_x_x_MsoNormal\"><\/h6>\n<\/div><\/div>","protected":false},"excerpt":{"rendered":"<p>O Governo Federal\u00a0antecipou o fim da tarifa de escassez h\u00eddrica\u00a0e a conta de luz vai ficar at\u00e9\u00a020%\u00a0mais barata A partir da pr\u00f3xima semana (16\/4\/22), a tarifa de energia el\u00e9trica passa a ser com a\u00a0bandeira verde\u00a0para\u00a0todos os consumidores\u00a0do Pa\u00eds. Isso significa que a a\u00e7\u00e3o do Governo Federal ir\u00e1\u00a0reduzir\u00a0em at\u00e9\u00a020%\u00a0a conta de luz! O benef\u00edcio foi poss\u00edvel [&hellip;]<\/p>\n","protected":false},"author":4,"featured_media":46837,"comment_status":"open","ping_status":"open","sticky":false,"template":"","format":"standard","meta":{"footnotes":""},"categories":[1],"tags":[],"class_list":["post-46836","post","type-post","status-publish","format-standard","has-post-thumbnail","hentry","category-sem-categoria"],"_links":{"self":[{"href":"http:\/\/sol.fm.br\/radio\/wp-json\/wp\/v2\/posts\/46836","targetHints":{"allow":["GET"]}}],"collection":[{"href":"http:\/\/sol.fm.br\/radio\/wp-json\/wp\/v2\/posts"}],"about":[{"href":"http:\/\/sol.fm.br\/radio\/wp-json\/wp\/v2\/types\/post"}],"author":[{"embeddable":true,"href":"http:\/\/sol.fm.br\/radio\/wp-json\/wp\/v2\/users\/4"}],"replies":[{"embeddable":true,"href":"http:\/\/sol.fm.br\/radio\/wp-json\/wp\/v2\/comments?post=46836"}],"version-history":[{"count":1,"href":"http:\/\/sol.fm.br\/radio\/wp-json\/wp\/v2\/posts\/46836\/revisions"}],"predecessor-version":[{"id":46844,"href":"http:\/\/sol.fm.br\/radio\/wp-json\/wp\/v2\/posts\/46836\/revisions\/46844"}],"wp:featuredmedia":[{"embeddable":true,"href":"http:\/\/sol.fm.br\/radio\/wp-json\/wp\/v2\/media\/46837"}],"wp:attachment":[{"href":"http:\/\/sol.fm.br\/radio\/wp-json\/wp\/v2\/media?parent=46836"}],"wp:term":[{"taxonomy":"category","embeddable":true,"href":"http:\/\/sol.fm.br\/radio\/wp-json\/wp\/v2\/categories?post=46836"},{"taxonomy":"post_tag","embeddable":true,"href":"http:\/\/sol.fm.br\/radio\/wp-json\/wp\/v2\/tags?post=46836"}],"curies":[{"name":"wp","href":"https:\/\/api.w.org\/{rel}","templated":true}]}}