{"id":46846,"date":"2022-04-08T13:44:31","date_gmt":"2022-04-08T16:44:31","guid":{"rendered":"http:\/\/sol.fm.br\/radio\/?p=46846"},"modified":"2022-04-08T13:44:31","modified_gmt":"2022-04-08T16:44:31","slug":"quem-e-maicon-correa-unico-representante-do-rs-no-pan-americano-de-parapente","status":"publish","type":"post","link":"http:\/\/sol.fm.br\/radio\/quem-e-maicon-correa-unico-representante-do-rs-no-pan-americano-de-parapente\/","title":{"rendered":"Quem \u00e9 Maicon Correa, \u00fanico representante do RS no Pan Americano de Parapente"},"content":{"rendered":"<div id=\"dslc-theme-content\"><div id=\"dslc-theme-content-inner\"><p><em>Competi\u00e7\u00e3o re\u00fane os melhores pilotos de 10 pa\u00edses em Governador Valadares (MG)<\/em><br aria-hidden=\"true\" \/><br aria-hidden=\"true\" \/>Maicon Correa tem uma miss\u00e3o, representar o Rio Grande do Sul em uma das mais importantes competi\u00e7\u00f5es de voo livre do mundo. O ga\u00facho j\u00e1 est\u00e1 em Governador Valadares (MG), onde participa do Pan Americano de Parapente.<br aria-hidden=\"true\" \/><br aria-hidden=\"true\" \/>A disputa inicia neste s\u00e1bado e se estende at\u00e9 o pr\u00f3ximo, movimentando a cidade considerada Capital Mundial do esporte de 9 a 16 de abril. Nela, os melhores atletas de 10 pa\u00edses brigam por t\u00edtulos individuais e por na\u00e7\u00f5es. Ao todo, h\u00e1 mais de 120 inscritos - e somente um rio-grandense.<br aria-hidden=\"true\" \/><br aria-hidden=\"true\" \/><strong>Voando com a elite das am\u00e9ricas<\/strong><br aria-hidden=\"true\" \/><br aria-hidden=\"true\" \/>Piloto de 36 anos, Maicon mora em Novo Hamburgo (RS) e se dedica ao esporte desde 2015. \u00c9 membro do Clube Serra Grande de Voo Livre (CGSVL), que tem sede em Igrejinha e \u00e9 um dos mais tradicionais no cen\u00e1rio nacional do esporte.<br aria-hidden=\"true\" \/><br aria-hidden=\"true\" \/><em>\u201cApesar de ter participado de muitas competi\u00e7\u00f5es de alto n\u00edvel, este ser\u00e1 o meu primeiro Pan. \u00c9 uma prova incr\u00edvel, comparada apenas ao Mundial, e me sinto honrado com a oportunidade de voar pelo Rio Grande do Sul\u201d<\/em>, comenta.<br aria-hidden=\"true\" \/><br aria-hidden=\"true\" \/>No curr\u00edculo o atleta traz vit\u00f3rias nos campeonatos Ga\u00facho e Sul-Brasileiro, al\u00e9m do terceiro lugar no Brasileiro, obtido na disputada categoria Open. Tamb\u00e9m j\u00e1 foi campe\u00e3o por equipes no nacional.<br aria-hidden=\"true\" \/><br aria-hidden=\"true\" \/><em>\u201cPara mim ser\u00e1 uma responsabilidade representar o estado e darei o meu melhor para buscar um \u00f3timo resultado. \u00c9 uma competi\u00e7\u00e3o acirrada, que garante novos aprendizados a cada dia e soma importantes pontos no ranking mundial. \u00c9 uma miss\u00e3o e tanto, mas venho treinando muito e me sinto preparado\u201d<\/em>, destaca. Maicon agradece ao apoio da Profit Academia de Novo Hamburgo, CSGVL e Federa\u00e7\u00e3o Ga\u00facha de Voo Livre.<\/p>\n<p><img loading=\"lazy\" decoding=\"async\" class=\"wp-image-46848 aligncenter\" src=\"http:\/\/sol.fm.br\/radio\/wp-content\/uploads\/2022\/04\/02-400x222.png\" alt=\"\" width=\"438\" height=\"243\" srcset=\"http:\/\/sol.fm.br\/radio\/wp-content\/uploads\/2022\/04\/02-400x222.png 400w, http:\/\/sol.fm.br\/radio\/wp-content\/uploads\/2022\/04\/02-768x427.png 768w, http:\/\/sol.fm.br\/radio\/wp-content\/uploads\/2022\/04\/02.png 1109w\" sizes=\"auto, (max-width: 438px) 100vw, 438px\" \/><br aria-hidden=\"true\" \/><br aria-hidden=\"true\" \/><strong>Como acompanhar as provas<\/strong><br aria-hidden=\"true\" \/><br aria-hidden=\"true\" \/>As decolagens rolam diariamente ao longo de toda a semana e podem ser acompanhadas ao vivo pela internet. A transmiss\u00e3o \u00e9 feita no Facebook da Confedera\u00e7\u00e3o Brasileira de Voo Livre (CBVL) e tamb\u00e9m no canal da FreeFlight.TV no YouTube.<br aria-hidden=\"true\" \/><br aria-hidden=\"true\" \/>A cada dia os competidores fazem uma prova diferente, que pode ter at\u00e9 100 km de voo. Eles s\u00f3 conhecem o roteiro pela manh\u00e3, pois sua defini\u00e7\u00e3o depende das condi\u00e7\u00f5es meteorol\u00f3gicas do momento. As decolagens costumam acontecer por volta das 12h.<br aria-hidden=\"true\" \/><br aria-hidden=\"true\" \/>Vale lembrar que no parapente os atletas voam sem o aux\u00edlio de qualquer tipo de motor, usando apenas as for\u00e7as da natureza para se manter no ar. Al\u00e9m disso, podem atingir mais de 1.500 metros de altitude em competi\u00e7\u00f5es.<\/p>\n<p><img loading=\"lazy\" decoding=\"async\" class=\" wp-image-46849 aligncenter\" src=\"http:\/\/sol.fm.br\/radio\/wp-content\/uploads\/2022\/04\/03-1-400x300.jpeg\" alt=\"\" width=\"431\" height=\"323\" srcset=\"http:\/\/sol.fm.br\/radio\/wp-content\/uploads\/2022\/04\/03-1-400x300.jpeg 400w, http:\/\/sol.fm.br\/radio\/wp-content\/uploads\/2022\/04\/03-1-768x576.jpeg 768w, http:\/\/sol.fm.br\/radio\/wp-content\/uploads\/2022\/04\/03-1.jpeg 1600w\" sizes=\"auto, (max-width: 431px) 100vw, 431px\" \/><\/p>\n<hr \/>\n<h6><strong>Fonte: CSGVL - Clube Serra Grande de Voo Livre | Fotos: Divulga\u00e7\u00e3o\/CSGVL<\/strong><\/h6>\n<p><center><iframe loading=\"lazy\" class=\"jmvplayer\" src=\"https:\/\/player.jmvstream.com\/lvw\/YYGWo5wfZuZ8fEW7Qoq1ISwhLSEDhU\" width=\"640\" height=\"360\" frameborder=\"0\" allowfullscreen=\"allowfullscreen\"><\/iframe><\/center><\/p>\n<h6><\/h6>\n<\/div><\/div>","protected":false},"excerpt":{"rendered":"<p>Competi\u00e7\u00e3o re\u00fane os melhores pilotos de 10 pa\u00edses em Governador Valadares (MG)Maicon Correa tem uma miss\u00e3o, representar o Rio Grande do Sul em uma das mais importantes competi\u00e7\u00f5es de voo livre do mundo. O ga\u00facho j\u00e1 est\u00e1 em Governador Valadares (MG), onde participa do Pan Americano de Parapente.A disputa inicia neste s\u00e1bado e se estende [&hellip;]<\/p>\n","protected":false},"author":4,"featured_media":46847,"comment_status":"open","ping_status":"open","sticky":false,"template":"","format":"standard","meta":{"footnotes":""},"categories":[1],"tags":[],"class_list":["post-46846","post","type-post","status-publish","format-standard","has-post-thumbnail","hentry","category-sem-categoria"],"_links":{"self":[{"href":"http:\/\/sol.fm.br\/radio\/wp-json\/wp\/v2\/posts\/46846","targetHints":{"allow":["GET"]}}],"collection":[{"href":"http:\/\/sol.fm.br\/radio\/wp-json\/wp\/v2\/posts"}],"about":[{"href":"http:\/\/sol.fm.br\/radio\/wp-json\/wp\/v2\/types\/post"}],"author":[{"embeddable":true,"href":"http:\/\/sol.fm.br\/radio\/wp-json\/wp\/v2\/users\/4"}],"replies":[{"embeddable":true,"href":"http:\/\/sol.fm.br\/radio\/wp-json\/wp\/v2\/comments?post=46846"}],"version-history":[{"count":1,"href":"http:\/\/sol.fm.br\/radio\/wp-json\/wp\/v2\/posts\/46846\/revisions"}],"predecessor-version":[{"id":46850,"href":"http:\/\/sol.fm.br\/radio\/wp-json\/wp\/v2\/posts\/46846\/revisions\/46850"}],"wp:featuredmedia":[{"embeddable":true,"href":"http:\/\/sol.fm.br\/radio\/wp-json\/wp\/v2\/media\/46847"}],"wp:attachment":[{"href":"http:\/\/sol.fm.br\/radio\/wp-json\/wp\/v2\/media?parent=46846"}],"wp:term":[{"taxonomy":"category","embeddable":true,"href":"http:\/\/sol.fm.br\/radio\/wp-json\/wp\/v2\/categories?post=46846"},{"taxonomy":"post_tag","embeddable":true,"href":"http:\/\/sol.fm.br\/radio\/wp-json\/wp\/v2\/tags?post=46846"}],"curies":[{"name":"wp","href":"https:\/\/api.w.org\/{rel}","templated":true}]}}