{"id":46852,"date":"2022-04-08T15:38:25","date_gmt":"2022-04-08T18:38:25","guid":{"rendered":"http:\/\/sol.fm.br\/radio\/?p=46852"},"modified":"2022-04-08T15:38:25","modified_gmt":"2022-04-08T18:38:25","slug":"obra-de-revitalizacao-do-centro-de-rolante-inicia-na-proxima-segunda-feira-11","status":"publish","type":"post","link":"http:\/\/sol.fm.br\/radio\/obra-de-revitalizacao-do-centro-de-rolante-inicia-na-proxima-segunda-feira-11\/","title":{"rendered":"Obra de revitaliza\u00e7\u00e3o do centro de Rolante inicia na pr\u00f3xima segunda-feira, 11"},"content":{"rendered":"<div id=\"dslc-theme-content\"><div id=\"dslc-theme-content-inner\"><div class=\"kvgmc6g5 cxmmr5t8 oygrvhab hcukyx3x c1et5uql ii04i59q\">\n<div dir=\"auto\">A Administra\u00e7\u00e3o Municipal, atrav\u00e9s da Diretoria de Projetos e Capta\u00e7\u00e3o de Recursos, informa que dar\u00e1 in\u00edcio \u00e0 obra de revitaliza\u00e7\u00e3o do centro, na pr\u00f3xima segunda-feira, 11, construindo um cal\u00e7ad\u00e3o na Avenida Get\u00falio Vargas, partindo da Igreja Matriz at\u00e9 a ponte.<\/div>\n<div dir=\"auto\"><\/div>\n<\/div>\n<div class=\"cxmmr5t8 oygrvhab hcukyx3x c1et5uql o9v6fnle ii04i59q\">\n<div dir=\"auto\">A obra compreende, ainda, a drenagem pluvial deste cal\u00e7ad\u00e3o; a regulariza\u00e7\u00e3o do canteiro central para padroniza\u00e7\u00e3o da altura dos meios-fios; a padroniza\u00e7\u00e3o dos avan\u00e7os e, por fim, a revitaliza\u00e7\u00e3o das faixas elevadas em fun\u00e7\u00e3o de que esta etapa demandar\u00e1 uma reorganiza\u00e7\u00e3o do tr\u00e2nsito durante a execu\u00e7\u00e3o da obra.<\/div>\n<div dir=\"auto\"><\/div>\n<\/div>\n<div class=\"cxmmr5t8 oygrvhab hcukyx3x c1et5uql o9v6fnle ii04i59q\">\n<div dir=\"auto\">\n<p><em>\u201cVamos investir quase R$ 500 mil nesta obra. S\u00e3o R$ 408.473,64 de recursos oriundos da Secretaria de Turismo do Estado e R$ 87.251,80 de contrapartida do munic\u00edpio. Sabemos que causar\u00e1 transtorno, mas pedimos a compreens\u00e3o da comunidade. \u00c9 uma obra importante que vai deixar a nossa cidade ainda mais bonita tanto para os rolantenses quanto para os turistas que v\u00eam visitar o munic\u00edpio\u201d<\/em>, salienta o prefeito Pedro Rippel.<\/p>\n<hr \/>\n<\/div>\n<h6 dir=\"auto\"><strong>Prefeitura Municipal de Rolante<\/strong><\/h6>\n<p><center><iframe loading=\"lazy\" class=\"jmvplayer\" src=\"https:\/\/player.jmvstream.com\/lvw\/YYGWo5wfZuZ8fEW7Qoq1ISwhLSEDhU\" width=\"640\" height=\"360\" frameborder=\"0\" allowfullscreen=\"allowfullscreen\"><\/iframe><\/center><\/p>\n<div dir=\"auto\"><\/div>\n<\/div>\n<\/div><\/div>","protected":false},"excerpt":{"rendered":"<p>A Administra\u00e7\u00e3o Municipal, atrav\u00e9s da Diretoria de Projetos e Capta\u00e7\u00e3o de Recursos, informa que dar\u00e1 in\u00edcio \u00e0 obra de revitaliza\u00e7\u00e3o do centro, na pr\u00f3xima segunda-feira, 11, construindo um cal\u00e7ad\u00e3o na Avenida Get\u00falio Vargas, partindo da Igreja Matriz at\u00e9 a ponte. A obra compreende, ainda, a drenagem pluvial deste cal\u00e7ad\u00e3o; a regulariza\u00e7\u00e3o do canteiro central para [&hellip;]<\/p>\n","protected":false},"author":4,"featured_media":46853,"comment_status":"open","ping_status":"open","sticky":false,"template":"","format":"standard","meta":{"footnotes":""},"categories":[1],"tags":[],"class_list":["post-46852","post","type-post","status-publish","format-standard","has-post-thumbnail","hentry","category-sem-categoria"],"_links":{"self":[{"href":"http:\/\/sol.fm.br\/radio\/wp-json\/wp\/v2\/posts\/46852","targetHints":{"allow":["GET"]}}],"collection":[{"href":"http:\/\/sol.fm.br\/radio\/wp-json\/wp\/v2\/posts"}],"about":[{"href":"http:\/\/sol.fm.br\/radio\/wp-json\/wp\/v2\/types\/post"}],"author":[{"embeddable":true,"href":"http:\/\/sol.fm.br\/radio\/wp-json\/wp\/v2\/users\/4"}],"replies":[{"embeddable":true,"href":"http:\/\/sol.fm.br\/radio\/wp-json\/wp\/v2\/comments?post=46852"}],"version-history":[{"count":1,"href":"http:\/\/sol.fm.br\/radio\/wp-json\/wp\/v2\/posts\/46852\/revisions"}],"predecessor-version":[{"id":46854,"href":"http:\/\/sol.fm.br\/radio\/wp-json\/wp\/v2\/posts\/46852\/revisions\/46854"}],"wp:featuredmedia":[{"embeddable":true,"href":"http:\/\/sol.fm.br\/radio\/wp-json\/wp\/v2\/media\/46853"}],"wp:attachment":[{"href":"http:\/\/sol.fm.br\/radio\/wp-json\/wp\/v2\/media?parent=46852"}],"wp:term":[{"taxonomy":"category","embeddable":true,"href":"http:\/\/sol.fm.br\/radio\/wp-json\/wp\/v2\/categories?post=46852"},{"taxonomy":"post_tag","embeddable":true,"href":"http:\/\/sol.fm.br\/radio\/wp-json\/wp\/v2\/tags?post=46852"}],"curies":[{"name":"wp","href":"https:\/\/api.w.org\/{rel}","templated":true}]}}