{"id":46858,"date":"2022-04-11T09:34:31","date_gmt":"2022-04-11T12:34:31","guid":{"rendered":"http:\/\/sol.fm.br\/radio\/?p=46858"},"modified":"2022-04-11T09:34:31","modified_gmt":"2022-04-11T12:34:31","slug":"realizacao-do-south-summit-e-destaque-em-reuniao-do-cede","status":"publish","type":"post","link":"http:\/\/sol.fm.br\/radio\/realizacao-do-south-summit-e-destaque-em-reuniao-do-cede\/","title":{"rendered":"Realiza\u00e7\u00e3o do South Summit \u00e9 destaque em reuni\u00e3o do Cede"},"content":{"rendered":"<div id=\"dslc-theme-content\"><div id=\"dslc-theme-content-inner\"><p>Ap\u00f3s um per\u00edodo de realiza\u00e7\u00e3o de encontros h\u00edbridos, devido \u00e0 pandemia, com a maior parte dos conselheiros participando de modo virtual, o Conselho Estadual de Desburocratiza\u00e7\u00e3o e Empreendedorismo (Cede) realizou a reuni\u00e3o mensal de abril com a maioria do qu\u00f3rum presencial. O encontro ocorreu na manh\u00e3 da sexta-feira (8\/4), no Centro Administrativo do Estado, em Porto Alegre.<\/p>\n<p>Um dos temas abordados foi o South Summit, plataforma mundial de inova\u00e7\u00e3o e tecnologia programa para para 4 a 6 de maio, no Cais Mau\u00e1, na capital. Dados apresentados no encontro apontam que a feira j\u00e1 movimentou globalmente, em dez anos de exist\u00eancia, mais de US$ 8 bilh\u00f5es. A edi\u00e7\u00e3o brasileira j\u00e1 conta com mais de 70 fundos de investimentos e 230 palestrantes nacionais e internacionais.<\/p>\n<p>Representante da sociedade no Cede, Daniel Santoro destacou que, mesmo sendo direcionado a empreendedores e personalidades ligados \u00e0 inova\u00e7\u00e3o e tecnologia, o South Summit precisa ser levado a conhecimento de todos. \u201cAs startups s\u00e3o criadas para resolver dores dos cidad\u00e3os, problemas do dia a dia das pessoas\u201d, acrescentou.<\/p>\n<p>Outra pauta apresentada foi a elabora\u00e7\u00e3o do regimento interno do Cede, que dever\u00e1 ser aprovado na pr\u00f3xima reuni\u00e3o. No documento h\u00e1 a previs\u00e3o de realizar elei\u00e7\u00f5es escalonadas entre os participantes do setor p\u00fablico e privado, para que haja a pereniza\u00e7\u00e3o das conquistas.<\/p>\n<p>Sobre o projeto Educa\u00e7\u00e3o Empreendedora, o Sebrae-RS trouxe o exemplo do modelo utilizado pelo governo de Minas Gerais para a inclus\u00e3o de jovens no empreendedorismo, com resultados positivos para a comunidade. A interioriza\u00e7\u00e3o do Tudo F\u00e1cil Empresas tamb\u00e9m foi abordada no encontro. Em dois meses, a Junta Comercial e o DescomplicaRS j\u00e1 visitaram 34 munic\u00edpios e obtiveram a ades\u00e3o de 33 prefeituras. Os processos para a ades\u00e3o passam por quatro passos que os munic\u00edpios precisam dar: ado\u00e7\u00e3o das tabelas de baixo risco, viabilidade autom\u00e1tica de endere\u00e7os, inscri\u00e7\u00e3o municipal autom\u00e1tica e isen\u00e7\u00e3o de taxas.<\/p>\n<p>O secret\u00e1rio de Planejamento, Governan\u00e7a e Gest\u00e3o, Claudio Gastal, comemorou a retomada das reuni\u00f5es presenciais e destacou que \u00e9 uma possibilidade que os encontros do Cede aconte\u00e7am em outras localidades, para envolver a popula\u00e7\u00e3o de outras regi\u00f5es e levar o modelo do conselho, iniciativa in\u00e9dita no pa\u00eds, para os munic\u00edpios.<\/p>\n<hr \/>\n<h6><strong>GOV RS | Texto: Thais D'Avila\/Ascom SPGG |\u00a0Edi\u00e7\u00e3o: Secom |\u00a0Foto: Lucas Motskuz \/ SPGG<\/strong><\/h6>\n<p><center><iframe loading=\"lazy\" class=\"jmvplayer\" src=\"https:\/\/player.jmvstream.com\/lvw\/YYGWo5wfZuZ8fEW7Qoq1ISwhLSEDhU\" width=\"640\" height=\"360\" frameborder=\"0\" allowfullscreen=\"allowfullscreen\"><\/iframe><\/center><\/p>\n<h6><\/h6>\n<\/div><\/div>","protected":false},"excerpt":{"rendered":"<p>Ap\u00f3s um per\u00edodo de realiza\u00e7\u00e3o de encontros h\u00edbridos, devido \u00e0 pandemia, com a maior parte dos conselheiros participando de modo virtual, o Conselho Estadual de Desburocratiza\u00e7\u00e3o e Empreendedorismo (Cede) realizou a reuni\u00e3o mensal de abril com a maioria do qu\u00f3rum presencial. O encontro ocorreu na manh\u00e3 da sexta-feira (8\/4), no Centro Administrativo do Estado, em [&hellip;]<\/p>\n","protected":false},"author":4,"featured_media":46859,"comment_status":"open","ping_status":"open","sticky":false,"template":"","format":"standard","meta":{"footnotes":""},"categories":[1],"tags":[],"class_list":["post-46858","post","type-post","status-publish","format-standard","has-post-thumbnail","hentry","category-sem-categoria"],"_links":{"self":[{"href":"http:\/\/sol.fm.br\/radio\/wp-json\/wp\/v2\/posts\/46858","targetHints":{"allow":["GET"]}}],"collection":[{"href":"http:\/\/sol.fm.br\/radio\/wp-json\/wp\/v2\/posts"}],"about":[{"href":"http:\/\/sol.fm.br\/radio\/wp-json\/wp\/v2\/types\/post"}],"author":[{"embeddable":true,"href":"http:\/\/sol.fm.br\/radio\/wp-json\/wp\/v2\/users\/4"}],"replies":[{"embeddable":true,"href":"http:\/\/sol.fm.br\/radio\/wp-json\/wp\/v2\/comments?post=46858"}],"version-history":[{"count":1,"href":"http:\/\/sol.fm.br\/radio\/wp-json\/wp\/v2\/posts\/46858\/revisions"}],"predecessor-version":[{"id":46860,"href":"http:\/\/sol.fm.br\/radio\/wp-json\/wp\/v2\/posts\/46858\/revisions\/46860"}],"wp:featuredmedia":[{"embeddable":true,"href":"http:\/\/sol.fm.br\/radio\/wp-json\/wp\/v2\/media\/46859"}],"wp:attachment":[{"href":"http:\/\/sol.fm.br\/radio\/wp-json\/wp\/v2\/media?parent=46858"}],"wp:term":[{"taxonomy":"category","embeddable":true,"href":"http:\/\/sol.fm.br\/radio\/wp-json\/wp\/v2\/categories?post=46858"},{"taxonomy":"post_tag","embeddable":true,"href":"http:\/\/sol.fm.br\/radio\/wp-json\/wp\/v2\/tags?post=46858"}],"curies":[{"name":"wp","href":"https:\/\/api.w.org\/{rel}","templated":true}]}}