{"id":46872,"date":"2022-04-11T10:02:36","date_gmt":"2022-04-11T13:02:36","guid":{"rendered":"http:\/\/sol.fm.br\/radio\/?p=46872"},"modified":"2022-04-11T10:02:36","modified_gmt":"2022-04-11T13:02:36","slug":"idolos-do-volei-brasileiro-dao-show-na-quadra-em-novo-hamburgo","status":"publish","type":"post","link":"http:\/\/sol.fm.br\/radio\/idolos-do-volei-brasileiro-dao-show-na-quadra-em-novo-hamburgo\/","title":{"rendered":"\u00cddolos do v\u00f4lei brasileiro d\u00e3o show na quadra em Novo Hamburgo"},"content":{"rendered":"<div id=\"dslc-theme-content\"><div id=\"dslc-theme-content-inner\"><div>\n<div class=\"v1block-grid\">\n<div>\n<div class=\"v1col v1num12\">\n<div>\n<div>\n<div>\n<p><em>Jogo das Estrelas, que teve o patroc\u00ednio da Doctor Clin, reuniu grandes nomes do esporte<\/em><\/p>\n<\/div>\n<\/div>\n<\/div>\n<\/div>\n<\/div>\n<\/div>\n<\/div>\n<div>\n<div class=\"v1block-grid v1mixed-two-up\">\n<div>\n<div class=\"v1col v1num9\">\n<div>\n<div>\n<div>\n<div>\n<p>O p\u00fablico vibrou com a participa\u00e7\u00e3o de jogadores que fizeram e fazem hist\u00f3ria no v\u00f4lei, um esporte que tem a cara da cidade de Novo Hamburgo. A cidade j\u00e1 revelou grandes nomes para o esporte no cen\u00e1rio nacional e internacional e partida comemorativa, no s\u00e1bado (09\/04), trouxe algumas dessas personalidades numa partida de exibi\u00e7\u00e3o e de cunho social.\u00a0Em quadra estiveram nomes como Serginho, Dante, Gustavo Endres, Maur\u00edcio Lima e Gils\u00e3o M\u00e3o de Pil\u00e3o, entre outros.<\/p>\n<div id=\"attachment_46875\" style=\"width: 410px\" class=\"wp-caption aligncenter\"><img loading=\"lazy\" decoding=\"async\" aria-describedby=\"caption-attachment-46875\" class=\"size-medium wp-image-46875\" src=\"http:\/\/sol.fm.br\/radio\/wp-content\/uploads\/2022\/04\/2-4-400x267.jpg\" alt=\"\" width=\"400\" height=\"267\" srcset=\"http:\/\/sol.fm.br\/radio\/wp-content\/uploads\/2022\/04\/2-4-400x267.jpg 400w, http:\/\/sol.fm.br\/radio\/wp-content\/uploads\/2022\/04\/2-4-768x512.jpg 768w, http:\/\/sol.fm.br\/radio\/wp-content\/uploads\/2022\/04\/2-4-600x400.jpg 600w, http:\/\/sol.fm.br\/radio\/wp-content\/uploads\/2022\/04\/2-4.jpg 2000w\" sizes=\"auto, (max-width: 400px) 100vw, 400px\" \/><p id=\"caption-attachment-46875\" class=\"wp-caption-text\">Jogo das Estrelas do Volei 2022.<\/p><\/div>\n<p><em>\"\u00c9 sempre bom participar de um evento desses que envolve amigos e fam\u00edlias. Vivemos conquistas juntos e muitas vezes nos enfrentamos em quadra, mas o que vale \u00e9 o respeito e amizade que criamos\"<\/em>, comentou Gilson, que se consagrou com o apelido de M\u00e3o de Pil\u00e3o e conquistou v\u00e1rios t\u00edtulos importantes pela sele\u00e7\u00e3o brasileira.<\/p>\n<p>O ga\u00facho Gustavo Endres, jogador que foi considerado o melhor bloqueador do mundo e pela qualidade em seu saque, foi considerado o melhor sacador da Sele\u00e7\u00e3o Brasileira, foi um dos mais aplaudidos.<\/p>\n<p><em>\"Fiquei muito feliz com o convite. \u00c9 muito importante ajudar o pr\u00f3ximo e \u00e9 com essa miss\u00e3o que viemos\"<\/em>, disse.<\/p>\n<p>Quem foi ovacionado, tamb\u00e9m, foi Serginho, o Escadinha, um dos her\u00f3is ol\u00edmpicos mais importantes da hist\u00f3ria da sele\u00e7\u00e3o brasileira. \u00c9 considerado o melhor l\u00edbero da hist\u00f3ria do v\u00f4lei, com suas defesas dif\u00edceis e passes precisos.<\/p>\n<p><em>\"\u00c9 uma alegria muito grande estar aqui no Rio Grande do Sul que \u00e9 um celeiro do voleibol brasileiro. Rever amigos foi muito bom e sentir o gostinho de estar na quadra foi muito bom. Al\u00e9m disso, \u00e9 fundamental usar o esporte como ferramenta de educa\u00e7\u00e3o. Usar o voleibol como uma isca para o esporte \u00e9 muito bom\"<\/em>, afirmou.<\/p>\n<div id=\"attachment_46876\" style=\"width: 410px\" class=\"wp-caption aligncenter\"><img loading=\"lazy\" decoding=\"async\" aria-describedby=\"caption-attachment-46876\" class=\"size-medium wp-image-46876\" src=\"http:\/\/sol.fm.br\/radio\/wp-content\/uploads\/2022\/04\/3-3-400x267.jpg\" alt=\"\" width=\"400\" height=\"267\" srcset=\"http:\/\/sol.fm.br\/radio\/wp-content\/uploads\/2022\/04\/3-3-400x267.jpg 400w, http:\/\/sol.fm.br\/radio\/wp-content\/uploads\/2022\/04\/3-3-768x512.jpg 768w, http:\/\/sol.fm.br\/radio\/wp-content\/uploads\/2022\/04\/3-3-600x400.jpg 600w, http:\/\/sol.fm.br\/radio\/wp-content\/uploads\/2022\/04\/3-3.jpg 2000w\" sizes=\"auto, (max-width: 400px) 100vw, 400px\" \/><p id=\"caption-attachment-46876\" class=\"wp-caption-text\">Jogo das Estrelas do Volei 2022.<\/p><\/div>\n<p>Para o jogador Dante, que acumulou t\u00edtulos important\u00edssimos com a camisa do Brasil e foi titular absoluto da Sele\u00e7\u00e3o at\u00e9 2013, estar em Novo Hamburgo foi especial.<\/p>\n<p><em>\"Vivemos grandes emo\u00e7\u00f5es nas quadras e \u00e9 gratificante estarmos aqui juntos. Parab\u00e9ns por todos organizadores por essa festa linda. Temos de ser inteligentes e trazer as crian\u00e7as para o esporte, n\u00e3o s\u00f3 para o voleibol, mas para qualquer modalidade\"<\/em>, disse.<\/p>\n<p>O Jogo das Estrelas foi uma iniciativa que contou com o patroc\u00ednio da Doctor Clin. O encontro marcou a inaugura\u00e7\u00e3o da RB Sports, al\u00e9m de promover a solidariedade em prol das fam\u00edlias atendidas pelo Banco de Alimentos. O ingresso custou R$ 30,00 + 1 quilo de alimento n\u00e3o perec\u00edvel.<\/p>\n<p>Para quem n\u00e3o conseguiu participar, o espa\u00e7o, na Avenida Victor Hugo Kunz, 2.010, continuar\u00e1 recebendo donativos at\u00e9 ter\u00e7a-feira (12\/04). A quadra da RB Sports fica na Avenida Victor Hugo Kunz, 2.010, bairro Hamburgo Velho, em Novo Hamburgo. O evento contou com patroc\u00ednio da Doctor Clin, Sunset e N1 Sports. A promo\u00e7\u00e3o foi da RB Sports e Uni\u00e3o FM. O evento teve o apoio da Federa\u00e7\u00e3o Ga\u00facha de V\u00f4lei.<\/p>\n<div id=\"attachment_46874\" style=\"width: 410px\" class=\"wp-caption aligncenter\"><img loading=\"lazy\" decoding=\"async\" aria-describedby=\"caption-attachment-46874\" class=\"size-medium wp-image-46874\" src=\"http:\/\/sol.fm.br\/radio\/wp-content\/uploads\/2022\/04\/4-400x267.jpg\" alt=\"\" width=\"400\" height=\"267\" srcset=\"http:\/\/sol.fm.br\/radio\/wp-content\/uploads\/2022\/04\/4-400x267.jpg 400w, http:\/\/sol.fm.br\/radio\/wp-content\/uploads\/2022\/04\/4-768x512.jpg 768w, http:\/\/sol.fm.br\/radio\/wp-content\/uploads\/2022\/04\/4-600x400.jpg 600w, http:\/\/sol.fm.br\/radio\/wp-content\/uploads\/2022\/04\/4.jpg 2000w\" sizes=\"auto, (max-width: 400px) 100vw, 400px\" \/><p id=\"caption-attachment-46874\" class=\"wp-caption-text\">Jogo das Estrelas do Volei 2022.<\/p><\/div>\n<hr \/>\n<h6><strong>PlayPress | Reda\u00e7\u00e3o e coordena\u00e7\u00e3o: Marcelo Matusiak | Fotos:\u00a0Jogo das Estrelas\u00a0(Christian Jung)<\/strong><\/h6>\n<p><center><iframe loading=\"lazy\" class=\"jmvplayer\" src=\"https:\/\/player.jmvstream.com\/lvw\/YYGWo5wfZuZ8fEW7Qoq1ISwhLSEDhU\" width=\"640\" height=\"360\" frameborder=\"0\" allowfullscreen=\"allowfullscreen\"><\/iframe><\/center><\/p>\n<h6><\/h6>\n<\/div>\n<\/div>\n<\/div>\n<\/div>\n<\/div>\n<\/div>\n<\/div>\n<\/div>\n<\/div><\/div>","protected":false},"excerpt":{"rendered":"<p>Jogo das Estrelas, que teve o patroc\u00ednio da Doctor Clin, reuniu grandes nomes do esporte O p\u00fablico vibrou com a participa\u00e7\u00e3o de jogadores que fizeram e fazem hist\u00f3ria no v\u00f4lei, um esporte que tem a cara da cidade de Novo Hamburgo. A cidade j\u00e1 revelou grandes nomes para o esporte no cen\u00e1rio nacional e internacional [&hellip;]<\/p>\n","protected":false},"author":4,"featured_media":46873,"comment_status":"open","ping_status":"open","sticky":false,"template":"","format":"standard","meta":{"footnotes":""},"categories":[1],"tags":[],"class_list":["post-46872","post","type-post","status-publish","format-standard","has-post-thumbnail","hentry","category-sem-categoria"],"_links":{"self":[{"href":"http:\/\/sol.fm.br\/radio\/wp-json\/wp\/v2\/posts\/46872","targetHints":{"allow":["GET"]}}],"collection":[{"href":"http:\/\/sol.fm.br\/radio\/wp-json\/wp\/v2\/posts"}],"about":[{"href":"http:\/\/sol.fm.br\/radio\/wp-json\/wp\/v2\/types\/post"}],"author":[{"embeddable":true,"href":"http:\/\/sol.fm.br\/radio\/wp-json\/wp\/v2\/users\/4"}],"replies":[{"embeddable":true,"href":"http:\/\/sol.fm.br\/radio\/wp-json\/wp\/v2\/comments?post=46872"}],"version-history":[{"count":1,"href":"http:\/\/sol.fm.br\/radio\/wp-json\/wp\/v2\/posts\/46872\/revisions"}],"predecessor-version":[{"id":46877,"href":"http:\/\/sol.fm.br\/radio\/wp-json\/wp\/v2\/posts\/46872\/revisions\/46877"}],"wp:featuredmedia":[{"embeddable":true,"href":"http:\/\/sol.fm.br\/radio\/wp-json\/wp\/v2\/media\/46873"}],"wp:attachment":[{"href":"http:\/\/sol.fm.br\/radio\/wp-json\/wp\/v2\/media?parent=46872"}],"wp:term":[{"taxonomy":"category","embeddable":true,"href":"http:\/\/sol.fm.br\/radio\/wp-json\/wp\/v2\/categories?post=46872"},{"taxonomy":"post_tag","embeddable":true,"href":"http:\/\/sol.fm.br\/radio\/wp-json\/wp\/v2\/tags?post=46872"}],"curies":[{"name":"wp","href":"https:\/\/api.w.org\/{rel}","templated":true}]}}