{"id":46883,"date":"2022-04-11T15:18:07","date_gmt":"2022-04-11T18:18:07","guid":{"rendered":"http:\/\/sol.fm.br\/radio\/?p=46883"},"modified":"2022-04-11T15:18:07","modified_gmt":"2022-04-11T18:18:07","slug":"secretaria-de-saude-de-parobe-mobiliza-comunidade-nas-unidades-basicas-de-saude-em-acoes-de-combate-a-dengue","status":"publish","type":"post","link":"http:\/\/sol.fm.br\/radio\/secretaria-de-saude-de-parobe-mobiliza-comunidade-nas-unidades-basicas-de-saude-em-acoes-de-combate-a-dengue\/","title":{"rendered":"Secretaria de Sa\u00fade de Parob\u00e9 mobiliza comunidade nas unidades b\u00e1sicas de sa\u00fade em a\u00e7\u00f5es de combate \u00e0 dengue"},"content":{"rendered":"<div id=\"dslc-theme-content\"><div id=\"dslc-theme-content-inner\"><div class=\"kvgmc6g5 cxmmr5t8 oygrvhab hcukyx3x c1et5uql ii04i59q\">\n<div dir=\"auto\"><\/div>\n<\/div>\n<div class=\"cxmmr5t8 oygrvhab hcukyx3x c1et5uql o9v6fnle ii04i59q\">\n<div dir=\"auto\">A Secretaria Municipal de Sa\u00fade de Parob\u00e9 segue desenvolvendo uma s\u00e9rie de atividades voltadas para a conscientiza\u00e7\u00e3o da comunidade visando controlar os focos do mosquito Aedes Aegypti. A inten\u00e7\u00e3o \u00e9 mobilizar a comunidade e fazer com que sejam atuantes na elimina\u00e7\u00e3o de todos os focos, reduzindo assim, o \u00edndice de infesta\u00e7\u00e3o.<\/div>\n<\/div>\n<div class=\"cxmmr5t8 oygrvhab hcukyx3x c1et5uql o9v6fnle ii04i59q\">\n<div dir=\"auto\">Entre as a\u00e7\u00f5es, a Vigil\u00e2ncia Sanit\u00e1ria est\u00e1 passando por diversas unidades b\u00e1sicas de sa\u00fade do munic\u00edpio, especialmente nos grupos de Hiperdia, realizando rodas de conversa sobre a dengue, entre eles como detectar e eliminar focos do mosquito.<\/div>\n<div dir=\"auto\"><img loading=\"lazy\" decoding=\"async\" class=\"alignnone size-medium wp-image-46884 aligncenter\" src=\"http:\/\/sol.fm.br\/radio\/wp-content\/uploads\/2022\/04\/2-5-400x360.jpg\" alt=\"\" width=\"400\" height=\"360\" srcset=\"http:\/\/sol.fm.br\/radio\/wp-content\/uploads\/2022\/04\/2-5-400x360.jpg 400w, http:\/\/sol.fm.br\/radio\/wp-content\/uploads\/2022\/04\/2-5.jpg 575w\" sizes=\"auto, (max-width: 400px) 100vw, 400px\" \/><\/div>\n<hr \/>\n<h6 dir=\"auto\"><strong>Prefeitura de Parob\u00e9\u00a0<\/strong><\/h6>\n<p><center><iframe loading=\"lazy\" class=\"jmvplayer\" src=\"https:\/\/player.jmvstream.com\/lvw\/YYGWo5wfZuZ8fEW7Qoq1ISwhLSEDhU\" width=\"640\" height=\"360\" frameborder=\"0\" allowfullscreen=\"allowfullscreen\"><\/iframe><\/center><\/p>\n<h6 dir=\"auto\"><\/h6>\n<\/div>\n<\/div><\/div>","protected":false},"excerpt":{"rendered":"<p>A Secretaria Municipal de Sa\u00fade de Parob\u00e9 segue desenvolvendo uma s\u00e9rie de atividades voltadas para a conscientiza\u00e7\u00e3o da comunidade visando controlar os focos do mosquito Aedes Aegypti. A inten\u00e7\u00e3o \u00e9 mobilizar a comunidade e fazer com que sejam atuantes na elimina\u00e7\u00e3o de todos os focos, reduzindo assim, o \u00edndice de infesta\u00e7\u00e3o. Entre as a\u00e7\u00f5es, a [&hellip;]<\/p>\n","protected":false},"author":4,"featured_media":46885,"comment_status":"open","ping_status":"open","sticky":false,"template":"","format":"standard","meta":{"footnotes":""},"categories":[1],"tags":[],"class_list":["post-46883","post","type-post","status-publish","format-standard","has-post-thumbnail","hentry","category-sem-categoria"],"_links":{"self":[{"href":"http:\/\/sol.fm.br\/radio\/wp-json\/wp\/v2\/posts\/46883","targetHints":{"allow":["GET"]}}],"collection":[{"href":"http:\/\/sol.fm.br\/radio\/wp-json\/wp\/v2\/posts"}],"about":[{"href":"http:\/\/sol.fm.br\/radio\/wp-json\/wp\/v2\/types\/post"}],"author":[{"embeddable":true,"href":"http:\/\/sol.fm.br\/radio\/wp-json\/wp\/v2\/users\/4"}],"replies":[{"embeddable":true,"href":"http:\/\/sol.fm.br\/radio\/wp-json\/wp\/v2\/comments?post=46883"}],"version-history":[{"count":1,"href":"http:\/\/sol.fm.br\/radio\/wp-json\/wp\/v2\/posts\/46883\/revisions"}],"predecessor-version":[{"id":46886,"href":"http:\/\/sol.fm.br\/radio\/wp-json\/wp\/v2\/posts\/46883\/revisions\/46886"}],"wp:featuredmedia":[{"embeddable":true,"href":"http:\/\/sol.fm.br\/radio\/wp-json\/wp\/v2\/media\/46885"}],"wp:attachment":[{"href":"http:\/\/sol.fm.br\/radio\/wp-json\/wp\/v2\/media?parent=46883"}],"wp:term":[{"taxonomy":"category","embeddable":true,"href":"http:\/\/sol.fm.br\/radio\/wp-json\/wp\/v2\/categories?post=46883"},{"taxonomy":"post_tag","embeddable":true,"href":"http:\/\/sol.fm.br\/radio\/wp-json\/wp\/v2\/tags?post=46883"}],"curies":[{"name":"wp","href":"https:\/\/api.w.org\/{rel}","templated":true}]}}