{"id":46887,"date":"2022-04-11T15:35:14","date_gmt":"2022-04-11T18:35:14","guid":{"rendered":"http:\/\/sol.fm.br\/radio\/?p=46887"},"modified":"2022-04-11T15:35:14","modified_gmt":"2022-04-11T18:35:14","slug":"novo-defende-reducao-de-icms-ao-inves-de-aumentar-salarios-de-servidores","status":"publish","type":"post","link":"http:\/\/sol.fm.br\/radio\/novo-defende-reducao-de-icms-ao-inves-de-aumentar-salarios-de-servidores\/","title":{"rendered":"NOVO defende redu\u00e7\u00e3o de ICMS ao inv\u00e9s de aumentar sal\u00e1rios de servidores"},"content":{"rendered":"<div id=\"dslc-theme-content\"><div id=\"dslc-theme-content-inner\"><p>A Bancada do Partido NOVO, composta pelos deputados Giuseppe Riesgo e F\u00e1bio Ostermann, defende que o governo deve reduzir ICMS ao inv\u00e9s de aumentar sal\u00e1rios de servidores. O projeto de reajuste geral para o funcionalismo foi protocolado pelo governo do Estado e est\u00e1 tramitando em regime de urg\u00eancia na Assembleia Legislativa. Riesgo e Ostermann j\u00e1 fecharam quest\u00e3o e ir\u00e3o votar contra a proposta.<\/p>\n<p>Ao contr\u00e1rio de elevar a despesa com o reajuste para servidores, a Bancada do NOVO sustenta que o mais adequado seria diminuir gradualmente o ICMS, em especial a al\u00edquota que incide na energia el\u00e9trica. Giuseppe Riesgo e F\u00e1bio Ostermann apontam que a medida traria um benef\u00edcio para toda a sociedade, inclusive para o funcionalismo p\u00fablico.<\/p>\n<p><em>\u201cA lei n\u00e3o permite que haja reajustes diferenciados por categoria. Portanto, se h\u00e1 dinheiro sobrando no or\u00e7amento, dever\u00edamos pensar em reduzir impostos para atingir os mais pobres. Seguir aumentando a despesa, ao contr\u00e1rio, \u00e9 pavimentar o caminho para uma nova crise e para um novo tarifa\u00e7o\u201d<\/em>, avaliam os deputados do Partido NOVO.<\/p>\n<p><strong>ENTENDA O IMPACTO FISCAL<\/strong><\/p>\n<p>Atualmente, os impactos totais do reajuste nos cofres p\u00fablicos ser\u00e1 de R$ 1,2 bilh\u00e3o em 2022 e de R$ 1,5 bilh\u00e3o por ano a partir de abril. Pela normativa, o reajuste incidir\u00e1 sobre as remunera\u00e7\u00f5es e os subs\u00eddios dos servidores p\u00fablicos, civis e militares, de todos os poderes e \u00f3rg\u00e3os aut\u00f4nomos, das autarquias e funda\u00e7\u00f5es p\u00fablicas estaduais, assim como inativos e pens\u00f5es. Ser\u00e3o atingidos 356,3 mil v\u00ednculos.<\/p>\n<p><strong>EFEITOS DA PANDEMIA E DA ESTIAGEM<\/strong><\/p>\n<p>Conforme os parlamentares, tendo em vista o atual cen\u00e1rio da economia ga\u00facha, com os impactos causados pela pandemia e os efeitos da estiagem, n\u00e3o faz o menor sentido elevar os sal\u00e1rios no setor p\u00fablico estadual de forma generalizada.<\/p>\n<p><em>\u201cN\u00e3o \u00e9 ser contra o reajuste especificamente, mas entender que estamos ainda enfrentando uma dura crise econ\u00f4mica e que os recursos do or\u00e7amento saem do bolso de todos os ga\u00fachos\u201d<\/em>, afirmam Giuseppe Riesgo e F\u00e1bio Ostermann.<\/p>\n<p>Os deputados explicam que tomaram o posicionamento contr\u00e1rio ao reajuste em fun\u00e7\u00e3o da grande parcela da popula\u00e7\u00e3o que sofreu com a crise do covid, das milhares de empresas que fecharam durante a pandemia, dos 500 mil ga\u00fachos desempregados, do aumento do n\u00famero de pessoas em situa\u00e7\u00e3o de pobreza, entre outros fatores.<\/p>\n<hr \/>\n<h6><strong>Assembleia Legislativa |\u00a0Juarez Sant Anna | Foto: Divulga\u00e7\u00e3o<\/strong><\/h6>\n<p><center><iframe loading=\"lazy\" class=\"jmvplayer\" src=\"https:\/\/player.jmvstream.com\/lvw\/YYGWo5wfZuZ8fEW7Qoq1ISwhLSEDhU\" width=\"640\" height=\"360\" frameborder=\"0\" allowfullscreen=\"allowfullscreen\"><\/iframe><\/center><\/p>\n<h6><\/h6>\n<\/div><\/div>","protected":false},"excerpt":{"rendered":"<p>A Bancada do Partido NOVO, composta pelos deputados Giuseppe Riesgo e F\u00e1bio Ostermann, defende que o governo deve reduzir ICMS ao inv\u00e9s de aumentar sal\u00e1rios de servidores. O projeto de reajuste geral para o funcionalismo foi protocolado pelo governo do Estado e est\u00e1 tramitando em regime de urg\u00eancia na Assembleia Legislativa. Riesgo e Ostermann j\u00e1 [&hellip;]<\/p>\n","protected":false},"author":4,"featured_media":46888,"comment_status":"open","ping_status":"open","sticky":false,"template":"","format":"standard","meta":{"footnotes":""},"categories":[1],"tags":[],"class_list":["post-46887","post","type-post","status-publish","format-standard","has-post-thumbnail","hentry","category-sem-categoria"],"_links":{"self":[{"href":"http:\/\/sol.fm.br\/radio\/wp-json\/wp\/v2\/posts\/46887","targetHints":{"allow":["GET"]}}],"collection":[{"href":"http:\/\/sol.fm.br\/radio\/wp-json\/wp\/v2\/posts"}],"about":[{"href":"http:\/\/sol.fm.br\/radio\/wp-json\/wp\/v2\/types\/post"}],"author":[{"embeddable":true,"href":"http:\/\/sol.fm.br\/radio\/wp-json\/wp\/v2\/users\/4"}],"replies":[{"embeddable":true,"href":"http:\/\/sol.fm.br\/radio\/wp-json\/wp\/v2\/comments?post=46887"}],"version-history":[{"count":1,"href":"http:\/\/sol.fm.br\/radio\/wp-json\/wp\/v2\/posts\/46887\/revisions"}],"predecessor-version":[{"id":46889,"href":"http:\/\/sol.fm.br\/radio\/wp-json\/wp\/v2\/posts\/46887\/revisions\/46889"}],"wp:featuredmedia":[{"embeddable":true,"href":"http:\/\/sol.fm.br\/radio\/wp-json\/wp\/v2\/media\/46888"}],"wp:attachment":[{"href":"http:\/\/sol.fm.br\/radio\/wp-json\/wp\/v2\/media?parent=46887"}],"wp:term":[{"taxonomy":"category","embeddable":true,"href":"http:\/\/sol.fm.br\/radio\/wp-json\/wp\/v2\/categories?post=46887"},{"taxonomy":"post_tag","embeddable":true,"href":"http:\/\/sol.fm.br\/radio\/wp-json\/wp\/v2\/tags?post=46887"}],"curies":[{"name":"wp","href":"https:\/\/api.w.org\/{rel}","templated":true}]}}