{"id":46899,"date":"2022-04-11T16:54:49","date_gmt":"2022-04-11T19:54:49","guid":{"rendered":"http:\/\/sol.fm.br\/radio\/?p=46899"},"modified":"2022-04-11T16:54:49","modified_gmt":"2022-04-11T19:54:49","slug":"issur-cobra-da-egr-rocada-e-limpeza-de-acostamento-na-ers-239","status":"publish","type":"post","link":"http:\/\/sol.fm.br\/radio\/issur-cobra-da-egr-rocada-e-limpeza-de-acostamento-na-ers-239\/","title":{"rendered":"Issur cobra da EGR ro\u00e7ada e limpeza de acostamento na ERS-239"},"content":{"rendered":"<div id=\"dslc-theme-content\"><div id=\"dslc-theme-content-inner\"><p><em>Solicita\u00e7\u00e3o atende reivindica\u00e7\u00e3o de ciclistas e da ATAC<\/em><\/p>\n<p>Em of\u00edcio enviado ao diretor-presidente da Empresa Ga\u00facha de Rodovias, Luiz Fernando Z\u00e1chia, o deputado estadual Issur Koch (PP) cobrou manuten\u00e7\u00e3o do acostamento na ERS-239, especialmente no trecho da Corlac (Av. Sebasti\u00e3o Amoretti, 3466 - Taquara) at\u00e9 o Parque do Rolantch\u00ea, em Rolante.<\/p>\n<p>A solicita\u00e7\u00e3o de ro\u00e7ada e limpeza do acostamento atende demanda apresentada por ciclistas do Vale do Paranhana e Associa\u00e7\u00e3o Taquarense dos Amigos Ciclistas (ATAC). <em>\u201cNa Assembleia Legislativa, a Frente Parlamentar de Apoio ao Ciclismo e ao Cicloturismo, a qual presido, tem entre suas preocupa\u00e7\u00f5es melhorar as condi\u00e7\u00f5es de seguran\u00e7a nas estradas ga\u00fachas. De acordo com atletas de alta performance e ciclistas que utilizam a via tanto a lazer como para o trabalho, este trecho da rodovia apresenta muitas dificuldades de tr\u00e1fego, tendo em vista o mato invadir o acostamento. Por falta de manuten\u00e7\u00e3o, os usu\u00e1rios est\u00e3o rodando em cima da pista, o que potencializa o risco de acidentes\u201d<\/em>, destacou Issur.<\/p>\n<p>O deputado lembrou que neste trecho da rodovia h\u00e1 grande tr\u00e1fego de ciclistas em fun\u00e7\u00e3o de a bicicleta ser um dos principais meios de transporte para centenas de trabalhadores do setor coureiro-cal\u00e7adista e de outras pequenas empresas que prestam servi\u00e7os \u00e0 cadeia produtiva.<\/p>\n<hr \/>\n<h6><strong>Assembleia Legislativa |\u00a0Foto: Gustavo Rubert<\/strong><\/h6>\n<p><center><iframe loading=\"lazy\" class=\"jmvplayer\" src=\"https:\/\/player.jmvstream.com\/lvw\/YYGWo5wfZuZ8fEW7Qoq1ISwhLSEDhU\" width=\"640\" height=\"360\" frameborder=\"0\" allowfullscreen=\"allowfullscreen\"><\/iframe><\/center><\/p>\n<h6><\/h6>\n<\/div><\/div>","protected":false},"excerpt":{"rendered":"<p>Solicita\u00e7\u00e3o atende reivindica\u00e7\u00e3o de ciclistas e da ATAC Em of\u00edcio enviado ao diretor-presidente da Empresa Ga\u00facha de Rodovias, Luiz Fernando Z\u00e1chia, o deputado estadual Issur Koch (PP) cobrou manuten\u00e7\u00e3o do acostamento na ERS-239, especialmente no trecho da Corlac (Av. Sebasti\u00e3o Amoretti, 3466 - Taquara) at\u00e9 o Parque do Rolantch\u00ea, em Rolante. A solicita\u00e7\u00e3o de ro\u00e7ada [&hellip;]<\/p>\n","protected":false},"author":4,"featured_media":46900,"comment_status":"open","ping_status":"open","sticky":false,"template":"","format":"standard","meta":{"footnotes":""},"categories":[1],"tags":[],"class_list":["post-46899","post","type-post","status-publish","format-standard","has-post-thumbnail","hentry","category-sem-categoria"],"_links":{"self":[{"href":"http:\/\/sol.fm.br\/radio\/wp-json\/wp\/v2\/posts\/46899","targetHints":{"allow":["GET"]}}],"collection":[{"href":"http:\/\/sol.fm.br\/radio\/wp-json\/wp\/v2\/posts"}],"about":[{"href":"http:\/\/sol.fm.br\/radio\/wp-json\/wp\/v2\/types\/post"}],"author":[{"embeddable":true,"href":"http:\/\/sol.fm.br\/radio\/wp-json\/wp\/v2\/users\/4"}],"replies":[{"embeddable":true,"href":"http:\/\/sol.fm.br\/radio\/wp-json\/wp\/v2\/comments?post=46899"}],"version-history":[{"count":1,"href":"http:\/\/sol.fm.br\/radio\/wp-json\/wp\/v2\/posts\/46899\/revisions"}],"predecessor-version":[{"id":46901,"href":"http:\/\/sol.fm.br\/radio\/wp-json\/wp\/v2\/posts\/46899\/revisions\/46901"}],"wp:featuredmedia":[{"embeddable":true,"href":"http:\/\/sol.fm.br\/radio\/wp-json\/wp\/v2\/media\/46900"}],"wp:attachment":[{"href":"http:\/\/sol.fm.br\/radio\/wp-json\/wp\/v2\/media?parent=46899"}],"wp:term":[{"taxonomy":"category","embeddable":true,"href":"http:\/\/sol.fm.br\/radio\/wp-json\/wp\/v2\/categories?post=46899"},{"taxonomy":"post_tag","embeddable":true,"href":"http:\/\/sol.fm.br\/radio\/wp-json\/wp\/v2\/tags?post=46899"}],"curies":[{"name":"wp","href":"https:\/\/api.w.org\/{rel}","templated":true}]}}