{"id":46906,"date":"2022-04-12T09:43:24","date_gmt":"2022-04-12T12:43:24","guid":{"rendered":"http:\/\/sol.fm.br\/radio\/?p=46906"},"modified":"2022-04-12T09:43:24","modified_gmt":"2022-04-12T12:43:24","slug":"boletim-de-conjuntura-aponta-cenario-desafiador-para-economia-do-rs-em-2022","status":"publish","type":"post","link":"http:\/\/sol.fm.br\/radio\/boletim-de-conjuntura-aponta-cenario-desafiador-para-economia-do-rs-em-2022\/","title":{"rendered":"Boletim de Conjuntura aponta cen\u00e1rio desafiador para economia do RS em 2022"},"content":{"rendered":"<div id=\"dslc-theme-content\"><div id=\"dslc-theme-content-inner\"><p><em>Estiagem, infla\u00e7\u00e3o, juros em alta e conflito na Ucr\u00e2nia devem impactar negativamente Agropecu\u00e1ria, Ind\u00fastria e Servi\u00e7os<\/em><\/p>\n<p>Impacto negativo da estiagem na produ\u00e7\u00e3o agropecu\u00e1ria, efeitos da guerra na Ucr\u00e2nia, infla\u00e7\u00e3o e juros em alta no Brasil e no mundo, al\u00e9m do risco de novas variantes do coronav\u00edrus e a perspectiva de baixo crescimento do pa\u00eds no ano, est\u00e3o entre os elementos que colaboram para um olhar cauteloso sobre a economia do Rio Grande do Sul em 2022.<\/p>\n<p>As perspectivas para o Estado trazidas no Boletim de Conjuntura, divulgado nesta ter\u00e7a-feira (12\/4), apontam que ap\u00f3s a forte recupera\u00e7\u00e3o registrada em 2021, com expans\u00e3o de 10,4% do Produto Interno Bruto (PIB), h\u00e1 potencial para efeito em cadeia das perdas nas lavouras na ind\u00fastria de transforma\u00e7\u00e3o e tamb\u00e9m no com\u00e9rcio.<\/p>\n<p>Elaborado pelos pesquisadores Fernando Cruz, Martinho Lazzari, Tom\u00e1s Torezani e Vanessa Sulzbach, do Departamento de Economia e Estat\u00edstica (DEE), vinculado \u00e0 Secretaria de Planejamento, Governan\u00e7a e Gest\u00e3o (SPGG), o documento analisa quest\u00f5es da conjuntura internacional, brasileira e do Estado e aponta perspectivas.<\/p>\n<p>Na ind\u00fastria de transforma\u00e7\u00e3o, segmento industrial mais significativo da economia do Estado, os reflexos das perdas na agropecu\u00e1ria devem ser observados nas atividades ligadas aos produtos do fumo, m\u00e1quinas e equipamentos e produtos aliment\u00edcios. O material aponta ainda os efeitos da guerra e do aumento de casos de coronav\u00edrus, especialmente na China, sobre o setor e tamb\u00e9m ressalta o impacto da alta no custo de opera\u00e7\u00e3o das empresas e do \"baixo dinamismo da demanda interna ao longo do ano\" como poss\u00edveis empecilhos para o crescimento do setor.<\/p>\n<p>No com\u00e9rcio, em especial no interior do RS, o material destaca a forte liga\u00e7\u00e3o do segmento com o setor prim\u00e1rio e a poss\u00edvel repercuss\u00e3o das perdas nas lavouras.<\/p>\n<p><em>\"A jun\u00e7\u00e3o de todas essas quest\u00f5es indica um 2022 bastante dif\u00edcil para a economia ga\u00facha. A perspectiva de diminui\u00e7\u00e3o do crescimento mundial, principalmente em fun\u00e7\u00e3o do conflito entre R\u00fassia e Ucr\u00e2nia e de seus desdobramentos, se soma ao prov\u00e1vel baixo crescimento da economia brasileira, consequ\u00eancia de problemas externos e, principalmente, internos\"<\/em>, analisa Martinho Lazzari.<\/p>\n<p><strong>Cen\u00e1rio externo e nacional<\/strong><\/p>\n<p>O avan\u00e7o da variante \u00f4micron do coronav\u00edrus no \u00faltimo trimestre de 2021 prejudicou a retomada prevista para a economia mundial no ano passado, em especial nos pa\u00edses menos desenvolvidos. Por conta disso, 2022 come\u00e7ou com um cen\u00e1rio de desorganiza\u00e7\u00e3o na cadeia global de suprimento, eleva\u00e7\u00e3o dos custos de produ\u00e7\u00e3o e alta nos pre\u00e7os da energia e das commodities, ao mesmo tempo em que houve retirada dos est\u00edmulos econ\u00f4micos promovidos por diversos pa\u00edses em fun\u00e7\u00e3o da pandemia. O documento do DEE\/SPGG aponta ainda repercuss\u00f5es na infla\u00e7\u00e3o e na taxa de crescimento mundial em fun\u00e7\u00e3o do conflito no leste europeu.<\/p>\n<p><em>\"Como importantes produtores e exportadores de commodities como petr\u00f3leo, g\u00e1s natural, milho, trigo e fertilizantes, o conflito contribuiu para a disparada de pre\u00e7os, o que alimentou a infla\u00e7\u00e3o global e prejudica cadeias produtivas ao redor do mundo\"<\/em>, avalia Tom\u00e1s Torezani.<\/p>\n<p>No Brasil, ap\u00f3s uma alta de 4,6% no PIB em 2021, dados relativos aos primeiros meses do novo ano mostram quedas na produ\u00e7\u00e3o industrial, nas vendas no com\u00e9rcio e nos servi\u00e7os, um indicativo das dificuldades previstas para 2022. A infla\u00e7\u00e3o acima da casa dos 10% no acumulado de 12 meses, os juros elevados e o risco de novas variantes do coronav\u00edrus auxiliam a manter as expectativas para o ano cercadas de incertezas.<\/p>\n<p><em>\"O mercado tem revisado sistematicamente para baixo as proje\u00e7\u00f5es de crescimento para 2022 e 2023 desde o ano passado. As mais recentes, da primeira quinzena de mar\u00e7o, apontam para crescimento de 0,5% do pa\u00eds em 2022 e 1,4% em 2023\"<\/em>, aponta Fernando Cruz.<\/p>\n<p><strong>Boletim de Conjuntura<\/strong><\/p>\n<p>O documento elaborado pelos t\u00e9cnicos do DEE analisa as quest\u00f5es mais importantes da conjuntura internacional, nacional e regional dispon\u00edveis, com foco no Rio Grande do Sul, com perspectivas para o pr\u00f3ximo per\u00edodo.<\/p>\n<ul>\n<li><a href=\"https:\/\/estado.rs.gov.br\/upload\/arquivos\/\/boletim-de-conjuntura-abril2022-apresentacao.pdf\" target=\"_blank\" rel=\"noopener\">Apresenta\u00e7\u00e3o sobre o boletim<\/a><\/li>\n<\/ul>\n<ul>\n<li><a href=\"https:\/\/estado.rs.gov.br\/upload\/arquivos\/\/boletim-de-conjuntura-abril2022-boletimcompleto.pdf\" target=\"_blank\" rel=\"noopener\">Boletim completo<\/a><\/li>\n<\/ul>\n<ul>\n<li><a href=\"https:\/\/youtu.be\/bkTRH9z3bm4\" target=\"_blank\" rel=\"noopener\">V\u00eddeo com o pesquisador Martinho Lazzari<\/a><\/li>\n<\/ul>\n<hr \/>\n<h6><strong>GOV RS |\u00a0Texto: Vagner Benites\/Ascom SPGG |\u00a0Edi\u00e7\u00e3o: Secom<\/strong><\/h6>\n<p><center><iframe loading=\"lazy\" class=\"jmvplayer\" src=\"https:\/\/player.jmvstream.com\/lvw\/YYGWo5wfZuZ8fEW7Qoq1ISwhLSEDhU\" width=\"640\" height=\"360\" frameborder=\"0\" allowfullscreen=\"allowfullscreen\"><\/iframe><\/center><\/p>\n<h6><\/h6>\n<\/div><\/div>","protected":false},"excerpt":{"rendered":"<p>Estiagem, infla\u00e7\u00e3o, juros em alta e conflito na Ucr\u00e2nia devem impactar negativamente Agropecu\u00e1ria, Ind\u00fastria e Servi\u00e7os Impacto negativo da estiagem na produ\u00e7\u00e3o agropecu\u00e1ria, efeitos da guerra na Ucr\u00e2nia, infla\u00e7\u00e3o e juros em alta no Brasil e no mundo, al\u00e9m do risco de novas variantes do coronav\u00edrus e a perspectiva de baixo crescimento do pa\u00eds no [&hellip;]<\/p>\n","protected":false},"author":4,"featured_media":46907,"comment_status":"open","ping_status":"open","sticky":false,"template":"","format":"standard","meta":{"footnotes":""},"categories":[1],"tags":[],"class_list":["post-46906","post","type-post","status-publish","format-standard","has-post-thumbnail","hentry","category-sem-categoria"],"_links":{"self":[{"href":"http:\/\/sol.fm.br\/radio\/wp-json\/wp\/v2\/posts\/46906","targetHints":{"allow":["GET"]}}],"collection":[{"href":"http:\/\/sol.fm.br\/radio\/wp-json\/wp\/v2\/posts"}],"about":[{"href":"http:\/\/sol.fm.br\/radio\/wp-json\/wp\/v2\/types\/post"}],"author":[{"embeddable":true,"href":"http:\/\/sol.fm.br\/radio\/wp-json\/wp\/v2\/users\/4"}],"replies":[{"embeddable":true,"href":"http:\/\/sol.fm.br\/radio\/wp-json\/wp\/v2\/comments?post=46906"}],"version-history":[{"count":1,"href":"http:\/\/sol.fm.br\/radio\/wp-json\/wp\/v2\/posts\/46906\/revisions"}],"predecessor-version":[{"id":46908,"href":"http:\/\/sol.fm.br\/radio\/wp-json\/wp\/v2\/posts\/46906\/revisions\/46908"}],"wp:featuredmedia":[{"embeddable":true,"href":"http:\/\/sol.fm.br\/radio\/wp-json\/wp\/v2\/media\/46907"}],"wp:attachment":[{"href":"http:\/\/sol.fm.br\/radio\/wp-json\/wp\/v2\/media?parent=46906"}],"wp:term":[{"taxonomy":"category","embeddable":true,"href":"http:\/\/sol.fm.br\/radio\/wp-json\/wp\/v2\/categories?post=46906"},{"taxonomy":"post_tag","embeddable":true,"href":"http:\/\/sol.fm.br\/radio\/wp-json\/wp\/v2\/tags?post=46906"}],"curies":[{"name":"wp","href":"https:\/\/api.w.org\/{rel}","templated":true}]}}