{"id":46910,"date":"2022-04-12T10:19:49","date_gmt":"2022-04-12T13:19:49","guid":{"rendered":"http:\/\/sol.fm.br\/radio\/?p=46910"},"modified":"2022-04-12T10:19:49","modified_gmt":"2022-04-12T13:19:49","slug":"hospital-sapiranga-reforca-importancia-da-manutencao-do-uso-de-mascaras-nos-ambientes-da-area-da-saude","status":"publish","type":"post","link":"http:\/\/sol.fm.br\/radio\/hospital-sapiranga-reforca-importancia-da-manutencao-do-uso-de-mascaras-nos-ambientes-da-area-da-saude\/","title":{"rendered":"Hospital Sapiranga refor\u00e7a import\u00e2ncia da manuten\u00e7\u00e3o do uso de m\u00e1scaras nos ambientes da \u00e1rea da sa\u00fade"},"content":{"rendered":"<div id=\"dslc-theme-content\"><div id=\"dslc-theme-content-inner\"><div>\n<div class=\"v1block-grid\">\n<div>\n<div class=\"v1col v1num12\">\n<div>\n<div>\n<div>\n<p><em>Regra vale para colaboradores, pacientes, familiares e visitantes<\/em><\/p>\n<\/div>\n<\/div>\n<\/div>\n<\/div>\n<\/div>\n<\/div>\n<\/div>\n<div>\n<div class=\"v1block-grid v1mixed-two-up\">\n<div>\n<div class=\"v1col v1num9\">\n<div>\n<div>\n<div>\n<div>\n<p>Por decretos estadual e municipal, o uso de m\u00e1scaras em ambientes abertos e locais fechados passou a ser facultativo. No entanto, a regra para obrigatoriedade em estabelecimentos de sa\u00fade, continua. Por isso, a dire\u00e7\u00e3o do Hospital Sapiranga, refor\u00e7a a orienta\u00e7\u00e3o para que a popula\u00e7\u00e3o fique atenta aos cuidados, ainda necess\u00e1rios, n\u00e3o s\u00f3 pela preven\u00e7\u00e3o da COVID-19, mas de outras doen\u00e7as.<\/p>\n<p>Pela legisla\u00e7\u00e3o, o uso de m\u00e1scaras segue sendo obrigat\u00f3rio em estabelecimentos p\u00fablicos e privados da \u00e1rea da Sa\u00fade, como farm\u00e1cias, laborat\u00f3rios, cl\u00ednicas, casas geri\u00e1tricas, no Hospital Sapiranga e nas unidades de sa\u00fade do Munic\u00edpio. \u00c9 indispens\u00e1vel a utiliza\u00e7\u00e3o da m\u00e1scara para pessoas contaminadas ou com suspeita de contamina\u00e7\u00e3o, sendo tamb\u00e9m recomendado para imunossuprimidos, portadores de doen\u00e7as cr\u00f4nicas, gestantes, pessoas com comorbidades, idosos e pessoas com o esquema vacinal incompleto.<\/p>\n<hr \/>\n<h6><strong>PlayPress | Hospital Sapiranga | Reda\u00e7\u00e3o e coordena\u00e7\u00e3o: Marcelo Matusiak | Foto: Freepik<\/strong><\/h6>\n<p><center><iframe loading=\"lazy\" class=\"jmvplayer\" src=\"https:\/\/player.jmvstream.com\/lvw\/YYGWo5wfZuZ8fEW7Qoq1ISwhLSEDhU\" width=\"640\" height=\"360\" frameborder=\"0\" allowfullscreen=\"allowfullscreen\"><\/iframe><\/center><\/p>\n<h6><\/h6>\n<\/div>\n<\/div>\n<\/div>\n<\/div>\n<\/div>\n<\/div>\n<\/div>\n<\/div>\n<\/div><\/div>","protected":false},"excerpt":{"rendered":"<p>Regra vale para colaboradores, pacientes, familiares e visitantes Por decretos estadual e municipal, o uso de m\u00e1scaras em ambientes abertos e locais fechados passou a ser facultativo. No entanto, a regra para obrigatoriedade em estabelecimentos de sa\u00fade, continua. Por isso, a dire\u00e7\u00e3o do Hospital Sapiranga, refor\u00e7a a orienta\u00e7\u00e3o para que a popula\u00e7\u00e3o fique atenta aos [&hellip;]<\/p>\n","protected":false},"author":4,"featured_media":46911,"comment_status":"open","ping_status":"open","sticky":false,"template":"","format":"standard","meta":{"footnotes":""},"categories":[1],"tags":[],"class_list":["post-46910","post","type-post","status-publish","format-standard","has-post-thumbnail","hentry","category-sem-categoria"],"_links":{"self":[{"href":"http:\/\/sol.fm.br\/radio\/wp-json\/wp\/v2\/posts\/46910","targetHints":{"allow":["GET"]}}],"collection":[{"href":"http:\/\/sol.fm.br\/radio\/wp-json\/wp\/v2\/posts"}],"about":[{"href":"http:\/\/sol.fm.br\/radio\/wp-json\/wp\/v2\/types\/post"}],"author":[{"embeddable":true,"href":"http:\/\/sol.fm.br\/radio\/wp-json\/wp\/v2\/users\/4"}],"replies":[{"embeddable":true,"href":"http:\/\/sol.fm.br\/radio\/wp-json\/wp\/v2\/comments?post=46910"}],"version-history":[{"count":1,"href":"http:\/\/sol.fm.br\/radio\/wp-json\/wp\/v2\/posts\/46910\/revisions"}],"predecessor-version":[{"id":46912,"href":"http:\/\/sol.fm.br\/radio\/wp-json\/wp\/v2\/posts\/46910\/revisions\/46912"}],"wp:featuredmedia":[{"embeddable":true,"href":"http:\/\/sol.fm.br\/radio\/wp-json\/wp\/v2\/media\/46911"}],"wp:attachment":[{"href":"http:\/\/sol.fm.br\/radio\/wp-json\/wp\/v2\/media?parent=46910"}],"wp:term":[{"taxonomy":"category","embeddable":true,"href":"http:\/\/sol.fm.br\/radio\/wp-json\/wp\/v2\/categories?post=46910"},{"taxonomy":"post_tag","embeddable":true,"href":"http:\/\/sol.fm.br\/radio\/wp-json\/wp\/v2\/tags?post=46910"}],"curies":[{"name":"wp","href":"https:\/\/api.w.org\/{rel}","templated":true}]}}