{"id":46926,"date":"2022-04-12T13:53:54","date_gmt":"2022-04-12T16:53:54","guid":{"rendered":"http:\/\/sol.fm.br\/radio\/?p=46926"},"modified":"2022-04-12T13:53:54","modified_gmt":"2022-04-12T16:53:54","slug":"fisioterapia-promove-curso-de-shantala-e-sobre-capacitacao-contra-violencia-obstetrica","status":"publish","type":"post","link":"http:\/\/sol.fm.br\/radio\/fisioterapia-promove-curso-de-shantala-e-sobre-capacitacao-contra-violencia-obstetrica\/","title":{"rendered":"Fisioterapia promove curso de Shantala e sobre Capacita\u00e7\u00e3o contra viol\u00eancia obst\u00e9trica"},"content":{"rendered":"<div id=\"dslc-theme-content\"><div id=\"dslc-theme-content-inner\"><p class=\"x_ydp180cd435yiv5493504455MsoNormal\">O curso de Fisioterapia das Faculdades Integradas de Taquara (Faccat) promove dois cursos de capacita\u00e7\u00e3o em abril. O primeiro ocorre no dia 23 de abril e \u00e9 destinado ao ensino da massagem indiana para beb\u00eas sob o olhar da neuroci\u00eancia: Shantala. O encontro ser\u00e1 das 8 \u00e0s 12 horas e das 13 \u00e0s 15 horas. Inscri\u00e7\u00f5es at\u00e9 o dia 18 de abril.<\/p>\n<p class=\"x_ydp180cd435yiv5493504455MsoNormal\">J\u00e1 a segunda capacita\u00e7\u00e3o, que \u00e9 sobre viol\u00eancia obst\u00e9trica, ser\u00e1 via Google Meet no dia 30 de abril, das 8 \u00e0s 12 horas. As inscri\u00e7\u00f5es seguem abertas at\u00e9 o dia 25 de abril.<\/p>\n<p><img loading=\"lazy\" decoding=\"async\" class=\"size-medium wp-image-46928 aligncenter\" src=\"http:\/\/sol.fm.br\/radio\/wp-content\/uploads\/2022\/04\/2-8-400x298.jpg\" alt=\"\" width=\"400\" height=\"298\" srcset=\"http:\/\/sol.fm.br\/radio\/wp-content\/uploads\/2022\/04\/2-8-400x298.jpg 400w, http:\/\/sol.fm.br\/radio\/wp-content\/uploads\/2022\/04\/2-8-768x572.jpg 768w\" sizes=\"auto, (max-width: 400px) 100vw, 400px\" \/><\/p>\n<p class=\"x_ydp180cd435yiv5493504455MsoNormal\">Informa\u00e7\u00f5es e inscri\u00e7\u00f5es em\u00a0<a href=\"http:\/\/www.faccat.br\/cursoseeventos\" target=\"_blank\" rel=\"noreferrer noopener\" data-auth=\"NotApplicable\" data-linkindex=\"0\">www.faccat.br\/cursoseeventos<\/a><\/p>\n<hr \/>\n<h6 class=\"x_ydp180cd435yiv5493504455MsoNormal\"><strong>Faccat | Assessoria de Imprensa\u00a0<\/strong><\/h6>\n<p><center><iframe loading=\"lazy\" class=\"jmvplayer\" src=\"https:\/\/player.jmvstream.com\/lvw\/YYGWo5wfZuZ8fEW7Qoq1ISwhLSEDhU\" width=\"640\" height=\"360\" frameborder=\"0\" allowfullscreen=\"allowfullscreen\"><\/iframe><\/center><\/p>\n<h6 class=\"x_ydp180cd435yiv5493504455MsoNormal\"><\/h6>\n<\/div><\/div>","protected":false},"excerpt":{"rendered":"<p>O curso de Fisioterapia das Faculdades Integradas de Taquara (Faccat) promove dois cursos de capacita\u00e7\u00e3o em abril. O primeiro ocorre no dia 23 de abril e \u00e9 destinado ao ensino da massagem indiana para beb\u00eas sob o olhar da neuroci\u00eancia: Shantala. O encontro ser\u00e1 das 8 \u00e0s 12 horas e das 13 \u00e0s 15 horas. [&hellip;]<\/p>\n","protected":false},"author":4,"featured_media":46927,"comment_status":"open","ping_status":"open","sticky":false,"template":"","format":"standard","meta":{"footnotes":""},"categories":[1],"tags":[],"class_list":["post-46926","post","type-post","status-publish","format-standard","has-post-thumbnail","hentry","category-sem-categoria"],"_links":{"self":[{"href":"http:\/\/sol.fm.br\/radio\/wp-json\/wp\/v2\/posts\/46926","targetHints":{"allow":["GET"]}}],"collection":[{"href":"http:\/\/sol.fm.br\/radio\/wp-json\/wp\/v2\/posts"}],"about":[{"href":"http:\/\/sol.fm.br\/radio\/wp-json\/wp\/v2\/types\/post"}],"author":[{"embeddable":true,"href":"http:\/\/sol.fm.br\/radio\/wp-json\/wp\/v2\/users\/4"}],"replies":[{"embeddable":true,"href":"http:\/\/sol.fm.br\/radio\/wp-json\/wp\/v2\/comments?post=46926"}],"version-history":[{"count":1,"href":"http:\/\/sol.fm.br\/radio\/wp-json\/wp\/v2\/posts\/46926\/revisions"}],"predecessor-version":[{"id":46929,"href":"http:\/\/sol.fm.br\/radio\/wp-json\/wp\/v2\/posts\/46926\/revisions\/46929"}],"wp:featuredmedia":[{"embeddable":true,"href":"http:\/\/sol.fm.br\/radio\/wp-json\/wp\/v2\/media\/46927"}],"wp:attachment":[{"href":"http:\/\/sol.fm.br\/radio\/wp-json\/wp\/v2\/media?parent=46926"}],"wp:term":[{"taxonomy":"category","embeddable":true,"href":"http:\/\/sol.fm.br\/radio\/wp-json\/wp\/v2\/categories?post=46926"},{"taxonomy":"post_tag","embeddable":true,"href":"http:\/\/sol.fm.br\/radio\/wp-json\/wp\/v2\/tags?post=46926"}],"curies":[{"name":"wp","href":"https:\/\/api.w.org\/{rel}","templated":true}]}}