{"id":46930,"date":"2022-04-12T13:59:26","date_gmt":"2022-04-12T16:59:26","guid":{"rendered":"http:\/\/sol.fm.br\/radio\/?p=46930"},"modified":"2022-04-12T13:59:26","modified_gmt":"2022-04-12T16:59:26","slug":"governo-federal-investe-pesado-em-fontes-renovaveis-e-brasil-se-torna-sexto-maior-produtor-de-energia-eolica-no-mundo","status":"publish","type":"post","link":"http:\/\/sol.fm.br\/radio\/governo-federal-investe-pesado-em-fontes-renovaveis-e-brasil-se-torna-sexto-maior-produtor-de-energia-eolica-no-mundo\/","title":{"rendered":"Governo Federal investe pesado em fontes renov\u00e1veis e Brasil se torna sexto maior produtor de Energia E\u00f3lica no Mundo"},"content":{"rendered":"<div id=\"dslc-theme-content\"><div id=\"dslc-theme-content-inner\"><p class=\"x_ydp512a2b62yiv4539880462x_x_x_MsoNormal\"><em>O Governo Federal prioriza investimentos em fontes de energia limpa e o\u00a0Brasil bate recorde de expans\u00e3o de energia e\u00f3lica em 2021<\/em><\/p>\n<p class=\"x_ydp512a2b62yiv4539880462x_x_x_MsoNormal\">O Brasil saltou de 1 gigawatt de pot\u00eancia instalada em 2011 para 21 gigawatts em janeiro de 2022.\u00a0<a title=\"https:\/\/www.gov.br\/pt-br\/noticias\/energia-minerais-e-combustiveis\/2022\/04\/brasil-sobe-para-a-sexta-posicao-em-ranking-internacional-de-capacidade-de-energia-eolica\" href=\"https:\/\/www.gov.br\/pt-br\/noticias\/energia-minerais-e-combustiveis\/2022\/04\/brasil-sobe-para-a-sexta-posicao-em-ranking-internacional-de-capacidade-de-energia-eolica\" target=\"_blank\" rel=\"nofollow noopener noreferrer\" data-auth=\"NotApplicable\" data-linkindex=\"0\">As usinas e\u00f3licas j\u00e1 respondem por 11% da matriz energ\u00e9tica brasileira<\/a>.<\/p>\n<p class=\"x_ydp512a2b62yiv4539880462x_x_x_MsoNormal\">Esta expans\u00e3o fez o\u00a0Pa\u00eds subir no ranking\u00a0do _Global Wind Energy Council _(GWEC) e ocupar a sexta posi\u00e7\u00e3o em Capacidade Total Instalada de Energia E\u00f3lica Onshore.<\/p>\n<p class=\"x_ydp512a2b62yiv4539880462x_x_x_MsoNormal\">Na \u00faltima quarta-feira (06\/04\/22), o Governo Federal lan\u00e7ou o Plano Decenal de Expans\u00e3o de Energia (PDE), com perspectivas do crescimento do setor para os pr\u00f3ximos dez anos. Os investimentos ser\u00e3o na ordem de\u00a0R$ 3,2 trilh\u00f5es\u00a0at\u00e9 2031.<\/p>\n<p class=\"x_ydp512a2b62yiv4539880462x_x_x_MsoNormal\">A energia e\u00f3lica \u00e9 uma fonte renov\u00e1vel, tem baixo impacto ambiental e baixos teores de emiss\u00f5es de gases de efeito estufa.<\/p>\n<p class=\"x_ydp512a2b62yiv4539880462x_x_x_MsoNormal\">\u00c9 o\u00a0Governo Federal cuidando do Pa\u00eds, investindo em fontes renov\u00e1veis de energia e reduzindo impactos ambientais!<\/p>\n<hr \/>\n<h6 class=\"x_ydp512a2b62yiv4539880462x_x_x_MsoNormal\"><strong>Governo Federal | Minist\u00e9rio de Minas e Energia e Aneel<center><iframe loading=\"lazy\" class=\"jmvplayer\" src=\"https:\/\/player.jmvstream.com\/lvw\/YYGWo5wfZuZ8fEW7Qoq1ISwhLSEDhU\" allowfullscreen allow=\"autoplay; fullscreen\" frameborder=\"0\" width=\"640\" height=\"360\" ><\/iframe><\/center><\/strong><\/h6>\n<\/div><\/div>","protected":false},"excerpt":{"rendered":"<p>O Governo Federal prioriza investimentos em fontes de energia limpa e o\u00a0Brasil bate recorde de expans\u00e3o de energia e\u00f3lica em 2021 O Brasil saltou de 1 gigawatt de pot\u00eancia instalada em 2011 para 21 gigawatts em janeiro de 2022.\u00a0As usinas e\u00f3licas j\u00e1 respondem por 11% da matriz energ\u00e9tica brasileira. Esta expans\u00e3o fez o\u00a0Pa\u00eds subir no [&hellip;]<\/p>\n","protected":false},"author":4,"featured_media":46931,"comment_status":"open","ping_status":"open","sticky":false,"template":"","format":"standard","meta":{"footnotes":""},"categories":[1],"tags":[],"class_list":["post-46930","post","type-post","status-publish","format-standard","has-post-thumbnail","hentry","category-sem-categoria"],"_links":{"self":[{"href":"http:\/\/sol.fm.br\/radio\/wp-json\/wp\/v2\/posts\/46930","targetHints":{"allow":["GET"]}}],"collection":[{"href":"http:\/\/sol.fm.br\/radio\/wp-json\/wp\/v2\/posts"}],"about":[{"href":"http:\/\/sol.fm.br\/radio\/wp-json\/wp\/v2\/types\/post"}],"author":[{"embeddable":true,"href":"http:\/\/sol.fm.br\/radio\/wp-json\/wp\/v2\/users\/4"}],"replies":[{"embeddable":true,"href":"http:\/\/sol.fm.br\/radio\/wp-json\/wp\/v2\/comments?post=46930"}],"version-history":[{"count":1,"href":"http:\/\/sol.fm.br\/radio\/wp-json\/wp\/v2\/posts\/46930\/revisions"}],"predecessor-version":[{"id":46932,"href":"http:\/\/sol.fm.br\/radio\/wp-json\/wp\/v2\/posts\/46930\/revisions\/46932"}],"wp:featuredmedia":[{"embeddable":true,"href":"http:\/\/sol.fm.br\/radio\/wp-json\/wp\/v2\/media\/46931"}],"wp:attachment":[{"href":"http:\/\/sol.fm.br\/radio\/wp-json\/wp\/v2\/media?parent=46930"}],"wp:term":[{"taxonomy":"category","embeddable":true,"href":"http:\/\/sol.fm.br\/radio\/wp-json\/wp\/v2\/categories?post=46930"},{"taxonomy":"post_tag","embeddable":true,"href":"http:\/\/sol.fm.br\/radio\/wp-json\/wp\/v2\/tags?post=46930"}],"curies":[{"name":"wp","href":"https:\/\/api.w.org\/{rel}","templated":true}]}}