{"id":46933,"date":"2022-04-12T14:04:35","date_gmt":"2022-04-12T17:04:35","guid":{"rendered":"http:\/\/sol.fm.br\/radio\/?p=46933"},"modified":"2022-04-12T14:04:35","modified_gmt":"2022-04-12T17:04:35","slug":"governo-federal-garante-apoio-ao-empreendedorismo-feminino","status":"publish","type":"post","link":"http:\/\/sol.fm.br\/radio\/governo-federal-garante-apoio-ao-empreendedorismo-feminino\/","title":{"rendered":"Governo Federal garante apoio ao empreendedorismo feminino"},"content":{"rendered":"<div id=\"dslc-theme-content\"><div id=\"dslc-theme-content-inner\"><p class=\"x_ydp2c64b858yiv3574760364x_x_x_x_MsoNormal\"><em>O Governo Federal incentiva o empreendedorismo e a liberdade econ\u00f4mica das mulheres do Pa\u00eds\u00a0<\/em><\/p>\n<p class=\"x_ydp2c64b858yiv3574760364x_x_x_x_MsoNormal\">O Governo Federal lan\u00e7ou o<a title=\"https:\/\/www.gov.br\/economia\/pt-br\/assuntos\/noticias\/2022\/abril\/ministerio-da-economia-instala-comite-de-empreendedorismo-feminino\" href=\"https:\/\/www.gov.br\/economia\/pt-br\/assuntos\/noticias\/2022\/abril\/ministerio-da-economia-instala-comite-de-empreendedorismo-feminino\" target=\"_blank\" rel=\"nofollow noopener noreferrer\" data-auth=\"NotApplicable\" data-linkindex=\"0\">\u00a0Brasil Pra Elas<\/a>,\u00a0com foco tr\u00eas eixos:\u00a0desenvolvimento de mecanismos\u00a0e do\u00a0ambiente de neg\u00f3cios;\u00a0educa\u00e7\u00e3o empreendedora;\u00a0e transforma\u00e7\u00e3o social.<\/p>\n<p class=\"x_ydp2c64b858yiv3574760364x_x_x_x_MsoNormal\">Visando acelerar os resultados da pauta, foi instalado o Comit\u00ea de Empreendedorismo Feminino para propor e articular a\u00e7\u00f5es de apoio a mulheres que querem desenvolver seus pr\u00f3prios neg\u00f3cios. O grupo aborda temas de acesso a dinheiro, a mercados e \u00e0 tecnologia, educa\u00e7\u00e3o empreendedora, vulnerabilidade, maternidade e diversidade.<\/p>\n<p class=\"x_ydp2c64b858yiv3574760364x_x_x_x_MsoNormal\">A iniciativa \u00e9 poss\u00edvel gra\u00e7as \u00e0s\u00a0reformas econ\u00f4micas\u00a0implementadas pelo Governo Federal, como a Lei de Liberdade Econ\u00f4mica e o Marco Legal das Startups, dentre outras.<\/p>\n<p class=\"x_ydp2c64b858yiv3574760364x_x_x_x_MsoNormal\">Vale lembrar que essas a\u00e7\u00f5es contam com a parceria do SEBRAE . O Banco do Brasil , a Caixa Econ\u00f4mica Federal, o Banco do Nordeste e o Banco da Amaz\u00f4nia abriram linhas de\u00a0cr\u00e9dito especiais\u00a0para incentivar o empreendedorismo feminino.<\/p>\n<p class=\"x_ydp2c64b858yiv3574760364x_x_x_x_MsoNormal\">\u00c9 o Governo Federal investindo no empreendedorismo como ferramenta de liberdade econ\u00f4mica e individual das mulheres brasileiras!<\/p>\n<hr \/>\n<h6 class=\"x_ydp2c64b858yiv3574760364x_x_x_x_MsoNormal\"><strong>Governo Federal | Minist\u00e9rio da Economia<\/strong><\/h6>\n<p><center><iframe loading=\"lazy\" class=\"jmvplayer\" src=\"https:\/\/player.jmvstream.com\/lvw\/YYGWo5wfZuZ8fEW7Qoq1ISwhLSEDhU\" width=\"640\" height=\"360\" frameborder=\"0\" allowfullscreen=\"allowfullscreen\"><\/iframe><\/center><\/p>\n<h6 class=\"x_ydp2c64b858yiv3574760364x_x_x_x_MsoNormal\"><\/h6>\n<\/div><\/div>","protected":false},"excerpt":{"rendered":"<p>O Governo Federal incentiva o empreendedorismo e a liberdade econ\u00f4mica das mulheres do Pa\u00eds\u00a0 O Governo Federal lan\u00e7ou o\u00a0Brasil Pra Elas,\u00a0com foco tr\u00eas eixos:\u00a0desenvolvimento de mecanismos\u00a0e do\u00a0ambiente de neg\u00f3cios;\u00a0educa\u00e7\u00e3o empreendedora;\u00a0e transforma\u00e7\u00e3o social. Visando acelerar os resultados da pauta, foi instalado o Comit\u00ea de Empreendedorismo Feminino para propor e articular a\u00e7\u00f5es de apoio a mulheres que [&hellip;]<\/p>\n","protected":false},"author":4,"featured_media":46934,"comment_status":"open","ping_status":"open","sticky":false,"template":"","format":"standard","meta":{"footnotes":""},"categories":[1],"tags":[],"class_list":["post-46933","post","type-post","status-publish","format-standard","has-post-thumbnail","hentry","category-sem-categoria"],"_links":{"self":[{"href":"http:\/\/sol.fm.br\/radio\/wp-json\/wp\/v2\/posts\/46933","targetHints":{"allow":["GET"]}}],"collection":[{"href":"http:\/\/sol.fm.br\/radio\/wp-json\/wp\/v2\/posts"}],"about":[{"href":"http:\/\/sol.fm.br\/radio\/wp-json\/wp\/v2\/types\/post"}],"author":[{"embeddable":true,"href":"http:\/\/sol.fm.br\/radio\/wp-json\/wp\/v2\/users\/4"}],"replies":[{"embeddable":true,"href":"http:\/\/sol.fm.br\/radio\/wp-json\/wp\/v2\/comments?post=46933"}],"version-history":[{"count":1,"href":"http:\/\/sol.fm.br\/radio\/wp-json\/wp\/v2\/posts\/46933\/revisions"}],"predecessor-version":[{"id":46935,"href":"http:\/\/sol.fm.br\/radio\/wp-json\/wp\/v2\/posts\/46933\/revisions\/46935"}],"wp:featuredmedia":[{"embeddable":true,"href":"http:\/\/sol.fm.br\/radio\/wp-json\/wp\/v2\/media\/46934"}],"wp:attachment":[{"href":"http:\/\/sol.fm.br\/radio\/wp-json\/wp\/v2\/media?parent=46933"}],"wp:term":[{"taxonomy":"category","embeddable":true,"href":"http:\/\/sol.fm.br\/radio\/wp-json\/wp\/v2\/categories?post=46933"},{"taxonomy":"post_tag","embeddable":true,"href":"http:\/\/sol.fm.br\/radio\/wp-json\/wp\/v2\/tags?post=46933"}],"curies":[{"name":"wp","href":"https:\/\/api.w.org\/{rel}","templated":true}]}}