{"id":47005,"date":"2022-04-14T13:48:36","date_gmt":"2022-04-14T16:48:36","guid":{"rendered":"http:\/\/sol.fm.br\/radio\/?p=47005"},"modified":"2022-04-14T13:48:36","modified_gmt":"2022-04-14T16:48:36","slug":"sesi-promove-corrida-pela-saude-e-solidariedade","status":"publish","type":"post","link":"http:\/\/sol.fm.br\/radio\/sesi-promove-corrida-pela-saude-e-solidariedade\/","title":{"rendered":"Sesi promove corrida pela sa\u00fade e solidariedade"},"content":{"rendered":"<div id=\"dslc-theme-content\"><div id=\"dslc-theme-content-inner\"><p class=\"x_ydp804ba2cdyiv2499962136xxmsonormal\" align=\"center\"><i>Corrida do Sesi ser\u00e1 realizada em 1\u00b0 de maio<\/i><\/p>\n<p class=\"x_ydp804ba2cdyiv2499962136xxmsonormal\">Est\u00e3o abertas as inscri\u00e7\u00f5es para o calend\u00e1rio de Corridas do Sesi \u2013 Correr Faz Bem,\u00a0que tem como objetivo promover a pr\u00e1tica de atividades f\u00edsicas e incentivar a solidariedade, por meio da arrecada\u00e7\u00e3o de alimentos. O<span class=\"x_ydp804ba2cdyiv2499962136xnormaltextrun\">\u00a0pagamento da inscri\u00e7\u00e3o ser\u00e1 em doa\u00e7\u00e3o de alimentos, compondo uma sacola\u00a0no valor de R$ 30,00 diretamente para a rede de Banco de Alimentos do Rio Grande do Sul, integrante da Funda\u00e7\u00e3o Ga\u00facha dos Bancos Sociais da FIERGS.<\/span><\/p>\n<p class=\"x_ydp804ba2cdyiv2499962136xxmsonormal\">As primeiras corridas acontecer\u00e3o no Dia do Trabalhador (1\u00ba de maio) em 15 munic\u00edpios do Estado, entre elas Nova Hartz. Os inscritos receber\u00e3o um kit com uma camiseta, uma\u00a0<i>squeeze<\/i>\u00a0e um sacobag exclusivos. Todos os participantes que completarem o percurso receber\u00e3o uma medalha.<\/p>\n<p class=\"x_ydp804ba2cdyiv2499962136xxmsonormal\">A largada ser\u00e1 \u00e0s 9h, na rua Emilio Jost,no Centro, e ter\u00e1 as dist\u00e2ncias de 3km e 6km e 3km de caminhada. O evento tem apoio da Prefeitura Municipal de Nova Hartz, Via Marte e Ramarim.<\/p>\n<p class=\"x_ydp804ba2cdyiv2499962136xxmsonormal\"><i>Inscri\u00e7\u00f5es:\u00a0corridadosesi.sesirs.org.br<\/i><\/p>\n<hr \/>\n<h6 class=\"x_ydp804ba2cdyiv2499962136MsoNormal\"><strong>Unidade de Comunica\u00e7\u00e3o do Sistema FIERGS | SESI\u00a0<\/strong><\/h6>\n<p><center><iframe loading=\"lazy\" class=\"jmvplayer\" src=\"https:\/\/player.jmvstream.com\/lvw\/YYGWo5wfZuZ8fEW7Qoq1ISwhLSEDhU\" width=\"640\" height=\"360\" frameborder=\"0\" allowfullscreen=\"allowfullscreen\"><\/iframe><\/center><\/p>\n<h6 class=\"x_ydp804ba2cdyiv2499962136MsoNormal\"><\/h6>\n<\/div><\/div>","protected":false},"excerpt":{"rendered":"<p>Corrida do Sesi ser\u00e1 realizada em 1\u00b0 de maio Est\u00e3o abertas as inscri\u00e7\u00f5es para o calend\u00e1rio de Corridas do Sesi \u2013 Correr Faz Bem,\u00a0que tem como objetivo promover a pr\u00e1tica de atividades f\u00edsicas e incentivar a solidariedade, por meio da arrecada\u00e7\u00e3o de alimentos. O\u00a0pagamento da inscri\u00e7\u00e3o ser\u00e1 em doa\u00e7\u00e3o de alimentos, compondo uma sacola\u00a0no valor [&hellip;]<\/p>\n","protected":false},"author":4,"featured_media":47006,"comment_status":"open","ping_status":"open","sticky":false,"template":"","format":"standard","meta":{"footnotes":""},"categories":[1],"tags":[],"class_list":["post-47005","post","type-post","status-publish","format-standard","has-post-thumbnail","hentry","category-sem-categoria"],"_links":{"self":[{"href":"http:\/\/sol.fm.br\/radio\/wp-json\/wp\/v2\/posts\/47005","targetHints":{"allow":["GET"]}}],"collection":[{"href":"http:\/\/sol.fm.br\/radio\/wp-json\/wp\/v2\/posts"}],"about":[{"href":"http:\/\/sol.fm.br\/radio\/wp-json\/wp\/v2\/types\/post"}],"author":[{"embeddable":true,"href":"http:\/\/sol.fm.br\/radio\/wp-json\/wp\/v2\/users\/4"}],"replies":[{"embeddable":true,"href":"http:\/\/sol.fm.br\/radio\/wp-json\/wp\/v2\/comments?post=47005"}],"version-history":[{"count":1,"href":"http:\/\/sol.fm.br\/radio\/wp-json\/wp\/v2\/posts\/47005\/revisions"}],"predecessor-version":[{"id":47007,"href":"http:\/\/sol.fm.br\/radio\/wp-json\/wp\/v2\/posts\/47005\/revisions\/47007"}],"wp:featuredmedia":[{"embeddable":true,"href":"http:\/\/sol.fm.br\/radio\/wp-json\/wp\/v2\/media\/47006"}],"wp:attachment":[{"href":"http:\/\/sol.fm.br\/radio\/wp-json\/wp\/v2\/media?parent=47005"}],"wp:term":[{"taxonomy":"category","embeddable":true,"href":"http:\/\/sol.fm.br\/radio\/wp-json\/wp\/v2\/categories?post=47005"},{"taxonomy":"post_tag","embeddable":true,"href":"http:\/\/sol.fm.br\/radio\/wp-json\/wp\/v2\/tags?post=47005"}],"curies":[{"name":"wp","href":"https:\/\/api.w.org\/{rel}","templated":true}]}}