{"id":47008,"date":"2022-04-14T13:51:14","date_gmt":"2022-04-14T16:51:14","guid":{"rendered":"http:\/\/sol.fm.br\/radio\/?p=47008"},"modified":"2022-04-14T13:51:14","modified_gmt":"2022-04-14T16:51:14","slug":"secretario-da-saude-de-rolante-busca-recursos-para-aquisicao-de-equipamentos-para-o-hospital","status":"publish","type":"post","link":"http:\/\/sol.fm.br\/radio\/secretario-da-saude-de-rolante-busca-recursos-para-aquisicao-de-equipamentos-para-o-hospital\/","title":{"rendered":"Secret\u00e1rio da Sa\u00fade de Rolante busca recursos para aquisi\u00e7\u00e3o de equipamentos para o hospital"},"content":{"rendered":"<div id=\"dslc-theme-content\"><div id=\"dslc-theme-content-inner\"><p>O secret\u00e1rio municipal da Sa\u00fade, Ricardo Gon\u00e7alves, juntamente com o coordenador da Sa\u00fade, Diego Valandro, e o diretor administrativo da Funda\u00e7\u00e3o Hospitalar de Rolante, Luis Genaro Ladereche Figoli, teve uma reuni\u00e3o com a coordenadora da 1\u00aa Coordenadoria Regional da Sa\u00fade, Ane Beatriz Nantal, na tarde de quarta-feira, 13, para realizar a entrega da documenta\u00e7\u00e3o para libera\u00e7\u00e3o de recursos para a reforma da fachada e a constru\u00e7\u00e3o de salas para exames de imagem, bem como outras reformas necess\u00e1rias no hospital. Recursos estes solicitados pelo prefeito Pedro Rippel ao deputado Gabriel Souza em 2021.<\/p>\n<p>Na oportunidade, Gon\u00e7alves e os demais integrantes da comitiva rolantense protocolaram of\u00edcios solicitando recursos a aquisi\u00e7\u00e3o de um tom\u00f3grafo, raio x m\u00f3vel e uma torre de videolaparoscopia para a funda\u00e7\u00e3o.<\/p>\n<p><em>\u201cEstamos sempre tentando melhorar a gama de servi\u00e7os que oferecemos \u00e0 comunidade rolantense e queremos ser refer\u00eancia regional em outras \u00e1reas tamb\u00e9m\u201d<\/em>, salienta o secret\u00e1rio Ricardo Gon\u00e7alves.<\/p>\n<hr \/>\n<h6><strong>Prefeitura Municipal de Rolante |\u00a0Foto: Coordenadoria de Sa\u00fade<\/strong><\/h6>\n<p><center><iframe loading=\"lazy\" class=\"jmvplayer\" src=\"https:\/\/player.jmvstream.com\/lvw\/YYGWo5wfZuZ8fEW7Qoq1ISwhLSEDhU\" width=\"640\" height=\"360\" frameborder=\"0\" allowfullscreen=\"allowfullscreen\"><\/iframe><\/center><\/p>\n<h6><\/h6>\n<\/div><\/div>","protected":false},"excerpt":{"rendered":"<p>O secret\u00e1rio municipal da Sa\u00fade, Ricardo Gon\u00e7alves, juntamente com o coordenador da Sa\u00fade, Diego Valandro, e o diretor administrativo da Funda\u00e7\u00e3o Hospitalar de Rolante, Luis Genaro Ladereche Figoli, teve uma reuni\u00e3o com a coordenadora da 1\u00aa Coordenadoria Regional da Sa\u00fade, Ane Beatriz Nantal, na tarde de quarta-feira, 13, para realizar a entrega da documenta\u00e7\u00e3o para [&hellip;]<\/p>\n","protected":false},"author":4,"featured_media":47009,"comment_status":"open","ping_status":"open","sticky":false,"template":"","format":"standard","meta":{"footnotes":""},"categories":[1],"tags":[],"class_list":["post-47008","post","type-post","status-publish","format-standard","has-post-thumbnail","hentry","category-sem-categoria"],"_links":{"self":[{"href":"http:\/\/sol.fm.br\/radio\/wp-json\/wp\/v2\/posts\/47008","targetHints":{"allow":["GET"]}}],"collection":[{"href":"http:\/\/sol.fm.br\/radio\/wp-json\/wp\/v2\/posts"}],"about":[{"href":"http:\/\/sol.fm.br\/radio\/wp-json\/wp\/v2\/types\/post"}],"author":[{"embeddable":true,"href":"http:\/\/sol.fm.br\/radio\/wp-json\/wp\/v2\/users\/4"}],"replies":[{"embeddable":true,"href":"http:\/\/sol.fm.br\/radio\/wp-json\/wp\/v2\/comments?post=47008"}],"version-history":[{"count":1,"href":"http:\/\/sol.fm.br\/radio\/wp-json\/wp\/v2\/posts\/47008\/revisions"}],"predecessor-version":[{"id":47010,"href":"http:\/\/sol.fm.br\/radio\/wp-json\/wp\/v2\/posts\/47008\/revisions\/47010"}],"wp:featuredmedia":[{"embeddable":true,"href":"http:\/\/sol.fm.br\/radio\/wp-json\/wp\/v2\/media\/47009"}],"wp:attachment":[{"href":"http:\/\/sol.fm.br\/radio\/wp-json\/wp\/v2\/media?parent=47008"}],"wp:term":[{"taxonomy":"category","embeddable":true,"href":"http:\/\/sol.fm.br\/radio\/wp-json\/wp\/v2\/categories?post=47008"},{"taxonomy":"post_tag","embeddable":true,"href":"http:\/\/sol.fm.br\/radio\/wp-json\/wp\/v2\/tags?post=47008"}],"curies":[{"name":"wp","href":"https:\/\/api.w.org\/{rel}","templated":true}]}}