{"id":47025,"date":"2022-04-18T14:04:03","date_gmt":"2022-04-18T17:04:03","guid":{"rendered":"http:\/\/sol.fm.br\/radio\/?p=47025"},"modified":"2022-04-18T14:04:03","modified_gmt":"2022-04-18T17:04:03","slug":"sesi-rs-promove-mais-uma-edicao-do-dia-da-leitura","status":"publish","type":"post","link":"http:\/\/sol.fm.br\/radio\/sesi-rs-promove-mais-uma-edicao-do-dia-da-leitura\/","title":{"rendered":"Sesi-RS promove mais uma edi\u00e7\u00e3o do Dia da Leitura"},"content":{"rendered":"<div id=\"dslc-theme-content\"><div id=\"dslc-theme-content-inner\"><p class=\"v1MsoNormal\" align=\"center\"><i>Lives com especialistas buscam incentivar novos leitores<\/i><b><\/b><\/p>\n<p class=\"v1MsoNormal\"><b><br \/>\n<\/b>\u00a0\u00a0\u00a0\u00a0\u00a0\u00a0\u00a0\u00a0\u00a0\u00a0Em 23 de abril, \u00e9 comemorado o Dia Internacional do Livro. Para marcar a data, ocorre ao longo da pr\u00f3xima semana mais uma edi\u00e7\u00e3o do Dia da Leitura Sesi. A ideia \u00e9 promover a leitura, procurando levar conhecimento, compreens\u00e3o, cultura e autoestima para toda a sociedade: pessoas de todas as idades, empresas e ind\u00fastrias, escolas e comunidade. Este ano ser\u00e3o realizadas a\u00e7\u00f5es espec\u00edficas para crian\u00e7as, estudantes e adultos. No site\u00a0<a href=\"https:\/\/conteudos.sesirs.org.br\/dia-da-leitura-2022\" target=\"_blank\" rel=\"noopener noreferrer\">https:\/\/conteudos.sesirs.org.br\/dia-da-leitura-2022<\/a>, o leitor poder\u00e1 encontrar textos especiais, dicas de leitura e o acesso \u00e0s lives, entre outros.<\/p>\n<p class=\"v1MsoNormal\">A programa\u00e7\u00e3o conta ainda com quatro lives. A primeira, dia 22, \u00e0s 10h45min, ser\u00e1 com a poeta Ryane Le\u00e3o, que se tornou conhecida ao partilhar seus textos nas redes sociais. Ela vai falar sobre Constru\u00e7\u00e3o na Escrita e inspira\u00e7\u00f5es na leitura, tendo como principal p\u00fablico os alunos do Ensino M\u00e9dio.<\/p>\n<p class=\"v1MsoNormal\">No dia 27, a professora Thatty Castelo Branco vai falar \u00e0s 14h sobre a Forma\u00e7\u00e3o de leitores: compromisso social. Thatty \u00e9 professora da PUC-RJ e atua na\u00a0implementa\u00e7\u00e3o de programas de Forma\u00e7\u00e3o do Leitor e Incentivo \u00e0 Leitura.<\/p>\n<p class=\"v1MsoNormal\">No dia 28, duas lives v\u00e3o encerrar a programa\u00e7\u00e3o: \u00e0s 14h, a equipe pedag\u00f3gica da \u00c1rvore de Livros vai falar sobre gamifica\u00e7\u00e3o como aliada da leitura. A live \u00e9 direcionada aos alunos. E \u00e0s 18h30min, a escritora Martha Medeiros vai falar sobre Leitura no cotidiano: caminhos para o autoconhecimento.<\/p>\n<p class=\"v1MsoNormal\">Essa \u00e9 mais uma a\u00e7\u00e3o do Sesi de incentivo ao acesso aos livros. A institui\u00e7\u00e3o conta tamb\u00e9m com os programas Sesi Imagina\u00e7\u00e3o \u2013 displays com livros dispon\u00edveis para os trabalhadores dentro das ind\u00fastrias \u2013, al\u00e9m da Rede de Bibliotecas f\u00edsicas que est\u00e1 distribu\u00edda em 26 cidades do Estado.<\/p>\n<hr \/>\n<h6 class=\"v1MsoNormal\"><strong>Unidade de Comunica\u00e7\u00e3o do Sistema FIERGS\u00a0<\/strong><\/h6>\n<p><center><iframe loading=\"lazy\" class=\"jmvplayer\" src=\"https:\/\/player.jmvstream.com\/lvw\/YYGWo5wfZuZ8fEW7Qoq1ISwhLSEDhU\" width=\"640\" height=\"360\" frameborder=\"0\" allowfullscreen=\"allowfullscreen\"><\/iframe><\/center><\/p>\n<h6 class=\"v1MsoNormal\"><\/h6>\n<\/div><\/div>","protected":false},"excerpt":{"rendered":"<p>Lives com especialistas buscam incentivar novos leitores \u00a0\u00a0\u00a0\u00a0\u00a0\u00a0\u00a0\u00a0\u00a0\u00a0Em 23 de abril, \u00e9 comemorado o Dia Internacional do Livro. Para marcar a data, ocorre ao longo da pr\u00f3xima semana mais uma edi\u00e7\u00e3o do Dia da Leitura Sesi. A ideia \u00e9 promover a leitura, procurando levar conhecimento, compreens\u00e3o, cultura e autoestima para toda a sociedade: pessoas de [&hellip;]<\/p>\n","protected":false},"author":4,"featured_media":47026,"comment_status":"open","ping_status":"open","sticky":false,"template":"","format":"standard","meta":{"footnotes":""},"categories":[1],"tags":[],"class_list":["post-47025","post","type-post","status-publish","format-standard","has-post-thumbnail","hentry","category-sem-categoria"],"_links":{"self":[{"href":"http:\/\/sol.fm.br\/radio\/wp-json\/wp\/v2\/posts\/47025","targetHints":{"allow":["GET"]}}],"collection":[{"href":"http:\/\/sol.fm.br\/radio\/wp-json\/wp\/v2\/posts"}],"about":[{"href":"http:\/\/sol.fm.br\/radio\/wp-json\/wp\/v2\/types\/post"}],"author":[{"embeddable":true,"href":"http:\/\/sol.fm.br\/radio\/wp-json\/wp\/v2\/users\/4"}],"replies":[{"embeddable":true,"href":"http:\/\/sol.fm.br\/radio\/wp-json\/wp\/v2\/comments?post=47025"}],"version-history":[{"count":1,"href":"http:\/\/sol.fm.br\/radio\/wp-json\/wp\/v2\/posts\/47025\/revisions"}],"predecessor-version":[{"id":47027,"href":"http:\/\/sol.fm.br\/radio\/wp-json\/wp\/v2\/posts\/47025\/revisions\/47027"}],"wp:featuredmedia":[{"embeddable":true,"href":"http:\/\/sol.fm.br\/radio\/wp-json\/wp\/v2\/media\/47026"}],"wp:attachment":[{"href":"http:\/\/sol.fm.br\/radio\/wp-json\/wp\/v2\/media?parent=47025"}],"wp:term":[{"taxonomy":"category","embeddable":true,"href":"http:\/\/sol.fm.br\/radio\/wp-json\/wp\/v2\/categories?post=47025"},{"taxonomy":"post_tag","embeddable":true,"href":"http:\/\/sol.fm.br\/radio\/wp-json\/wp\/v2\/tags?post=47025"}],"curies":[{"name":"wp","href":"https:\/\/api.w.org\/{rel}","templated":true}]}}