{"id":47028,"date":"2022-04-18T14:10:14","date_gmt":"2022-04-18T17:10:14","guid":{"rendered":"http:\/\/sol.fm.br\/radio\/?p=47028"},"modified":"2022-04-18T14:10:14","modified_gmt":"2022-04-18T17:10:14","slug":"sociedade-de-pediatria-do-rs-alerta-para-praticas-impostas-no-sistema-de-saude-e-que-hoje-contribuem-para-superlotar-as-emergencias-pediatricas","status":"publish","type":"post","link":"http:\/\/sol.fm.br\/radio\/sociedade-de-pediatria-do-rs-alerta-para-praticas-impostas-no-sistema-de-saude-e-que-hoje-contribuem-para-superlotar-as-emergencias-pediatricas\/","title":{"rendered":"Sociedade de Pediatria do RS alerta para pr\u00e1ticas impostas no sistema de sa\u00fade e que, hoje contribuem para superlotar as emerg\u00eancias pedi\u00e1tricas"},"content":{"rendered":"<div id=\"dslc-theme-content\"><div id=\"dslc-theme-content-inner\"><div>\n<div class=\"v1block-grid\">\n<div class=\"v1col v1num12\">\n<p><em>Emerg\u00eancias pedi\u00e1tricas lotadas e dificuldade na busca do atendimento preocupam pediatras<\/em><\/p>\n<\/div>\n<\/div>\n<\/div>\n<div>\n<div class=\"v1block-grid v1mixed-two-up\">\n<div>\n<div class=\"v1col v1num9\">\n<div>\n<div>\n<div>\n<div>\n<p>Com a chegada do outono e das temperaturas mais baixas, as emerg\u00eancias pedi\u00e1tricas de Porto Alegre voltaram a registrar grande procura pelo atendimento a crian\u00e7as e adolescentes com s\u00edndromes respirat\u00f3rias. O cen\u00e1rio era repetido a cada ano e s\u00f3 estava diferente, no cen\u00e1rio da pandemia. O agravante, em 2022, foi a diminui\u00e7\u00e3o desse tipo de servi\u00e7o nos hospitais da Capital.<\/p>\n<p><em>\"As melhorias atreladas \u00e0 sa\u00fade da nossa popula\u00e7\u00e3o infantil, frequentemente utilizadas como justificativas para rearranjos assistenciais, n\u00e3o s\u00e3o suficientes para justificar o \"encolhimento\" de nossa rede pedi\u00e1trica. Estrat\u00e9gias adotadas nesta linha visando garantir a pr\u00f3pria sobreviv\u00eancia, desequilibram todo o sistema de sa\u00fade que j\u00e1 \u00e9 insuficiente. N\u00e3o podemos trabalhar com uma pol\u00edtica simples de substitui\u00e7\u00e3o, mas sim de adi\u00e7\u00e3o norteada por qualifica\u00e7\u00e3o e necessidades da popula\u00e7\u00e3o\"<\/em>, afirma o presidente da Sociedade de Pediatria do Rio Grande do Sul, S\u00e9rgio Amantea.<\/p>\n<p>Alternativas que, h\u00e1 anos deveriam estar sendo colocadas em pr\u00e1tica, n\u00e3o acontecem.<\/p>\n<p><em>\"Fomos criativos em gerir e financiar espa\u00e7os para assist\u00eancia durante a pandemia, per\u00edodo em que a sa\u00fade de nossas crian\u00e7as foi menos impactada que a dos adultos pela COVID. A inefici\u00eancia de nossa rede assistencial (p\u00fablica e privada) foi silenciosamente agravada por um fen\u00f4meno de encolhimento. Estamos agora vendo o resultado da desestrutura\u00e7\u00e3o de servi\u00e7os e de leitos e o impacto da ado\u00e7\u00e3o de diferentes pol\u00edticas de contrata\u00e7\u00e3o e remunera\u00e7\u00e3o pela atividade profissional na pediatria. Crian\u00e7as n\u00e3o s\u00e3o adultos pequenos e suas necessidades assistenciais s\u00e3o t\u00e3o grandes quanto as dos adultos\"<\/em>, alertou S\u00e9rgio.<\/p>\n<p>Entre as sa\u00eddas que s\u00e3o propostas para equacionar o problema est\u00e3o um n\u00famero adequado de profissionais nos Pronto-Atendimento, Salas de Observa\u00e7\u00e3o com uma retaguarda quantitativa adequada de leitos pedi\u00e1tricos e de assist\u00eancia intensiva. Al\u00e9m disso, um acesso facilitado \u00e0 rede de postos com pediatras e munic\u00edpios do interior com investimentos para tratamento de casos mais complexos.<\/p>\n<hr \/>\n<h6><strong>PlayPress | Reda\u00e7\u00e3o e coordena\u00e7\u00e3o: Marcelo Matusiak | Foto: Marcelo Matusiak<\/strong><\/h6>\n<p><center><iframe loading=\"lazy\" class=\"jmvplayer\" src=\"https:\/\/player.jmvstream.com\/lvw\/YYGWo5wfZuZ8fEW7Qoq1ISwhLSEDhU\" width=\"640\" height=\"360\" frameborder=\"0\" allowfullscreen=\"allowfullscreen\"><\/iframe><\/center><\/p>\n<h6><\/h6>\n<\/div>\n<\/div>\n<\/div>\n<\/div>\n<\/div>\n<\/div>\n<\/div>\n<\/div>\n<\/div><\/div>","protected":false},"excerpt":{"rendered":"<p>Emerg\u00eancias pedi\u00e1tricas lotadas e dificuldade na busca do atendimento preocupam pediatras Com a chegada do outono e das temperaturas mais baixas, as emerg\u00eancias pedi\u00e1tricas de Porto Alegre voltaram a registrar grande procura pelo atendimento a crian\u00e7as e adolescentes com s\u00edndromes respirat\u00f3rias. O cen\u00e1rio era repetido a cada ano e s\u00f3 estava diferente, no cen\u00e1rio da [&hellip;]<\/p>\n","protected":false},"author":4,"featured_media":47029,"comment_status":"open","ping_status":"open","sticky":false,"template":"","format":"standard","meta":{"footnotes":""},"categories":[1],"tags":[],"class_list":["post-47028","post","type-post","status-publish","format-standard","has-post-thumbnail","hentry","category-sem-categoria"],"_links":{"self":[{"href":"http:\/\/sol.fm.br\/radio\/wp-json\/wp\/v2\/posts\/47028","targetHints":{"allow":["GET"]}}],"collection":[{"href":"http:\/\/sol.fm.br\/radio\/wp-json\/wp\/v2\/posts"}],"about":[{"href":"http:\/\/sol.fm.br\/radio\/wp-json\/wp\/v2\/types\/post"}],"author":[{"embeddable":true,"href":"http:\/\/sol.fm.br\/radio\/wp-json\/wp\/v2\/users\/4"}],"replies":[{"embeddable":true,"href":"http:\/\/sol.fm.br\/radio\/wp-json\/wp\/v2\/comments?post=47028"}],"version-history":[{"count":1,"href":"http:\/\/sol.fm.br\/radio\/wp-json\/wp\/v2\/posts\/47028\/revisions"}],"predecessor-version":[{"id":47030,"href":"http:\/\/sol.fm.br\/radio\/wp-json\/wp\/v2\/posts\/47028\/revisions\/47030"}],"wp:featuredmedia":[{"embeddable":true,"href":"http:\/\/sol.fm.br\/radio\/wp-json\/wp\/v2\/media\/47029"}],"wp:attachment":[{"href":"http:\/\/sol.fm.br\/radio\/wp-json\/wp\/v2\/media?parent=47028"}],"wp:term":[{"taxonomy":"category","embeddable":true,"href":"http:\/\/sol.fm.br\/radio\/wp-json\/wp\/v2\/categories?post=47028"},{"taxonomy":"post_tag","embeddable":true,"href":"http:\/\/sol.fm.br\/radio\/wp-json\/wp\/v2\/tags?post=47028"}],"curies":[{"name":"wp","href":"https:\/\/api.w.org\/{rel}","templated":true}]}}