{"id":47088,"date":"2022-04-19T15:31:19","date_gmt":"2022-04-19T18:31:19","guid":{"rendered":"http:\/\/sol.fm.br\/radio\/?p=47088"},"modified":"2022-04-19T15:31:19","modified_gmt":"2022-04-19T18:31:19","slug":"rippel-recebe-homenagem-da-escola-adventista-pelo-dida-do-prefeito","status":"publish","type":"post","link":"http:\/\/sol.fm.br\/radio\/rippel-recebe-homenagem-da-escola-adventista-pelo-dida-do-prefeito\/","title":{"rendered":"Rippel recebe homenagem da Escola Adventista pelo Dida do Prefeito"},"content":{"rendered":"<div id=\"dslc-theme-content\"><div id=\"dslc-theme-content-inner\"><p>Pedro Rippel recebeu uma homenagem da Escola Adventista Pastor Ivo Souza, na \u00faltima segunda-feira, 18, em comemora\u00e7\u00e3o ao Dia do Prefeito, cuja data \u00e9 11 de abril.<\/p>\n<p>A diretora Telma Moura, professoras e alguns alunos estiveram na Prefeitura para entregar um mimo ao prefeito e, tamb\u00e9m, para fazer uma ora\u00e7\u00e3o pedindo pela sa\u00fade de Pedro Rippel e agradecendo pelo apoio que a Prefeitura de Rolante d\u00e1 \u00e0 institui\u00e7\u00e3o de ensino.<\/p>\n<p>O prefeito agradeceu a homenagem, falou sobre a import\u00e2ncia da escola para a comunidade rolantense e reafirmou seu apoio \u00e0 Pastor Ivo Souza, bem como sua disposi\u00e7\u00e3o para ajudar, sempre, as escolas de todas as redes de ensino que atendem os estudantes da cidade.<\/p>\n<hr \/>\n<h6><strong>Prefeitura Municipal de Rolante | Foto: Edna Cardoso<\/strong><\/h6>\n<p><center><iframe loading=\"lazy\" class=\"jmvplayer\" src=\"https:\/\/player.jmvstream.com\/lvw\/YYGWo5wfZuZ8fEW7Qoq1ISwhLSEDhU\" width=\"640\" height=\"360\" frameborder=\"0\" allowfullscreen=\"allowfullscreen\"><\/iframe><\/center><\/p>\n<h6><\/h6>\n<\/div><\/div>","protected":false},"excerpt":{"rendered":"<p>Pedro Rippel recebeu uma homenagem da Escola Adventista Pastor Ivo Souza, na \u00faltima segunda-feira, 18, em comemora\u00e7\u00e3o ao Dia do Prefeito, cuja data \u00e9 11 de abril. A diretora Telma Moura, professoras e alguns alunos estiveram na Prefeitura para entregar um mimo ao prefeito e, tamb\u00e9m, para fazer uma ora\u00e7\u00e3o pedindo pela sa\u00fade de Pedro [&hellip;]<\/p>\n","protected":false},"author":4,"featured_media":47089,"comment_status":"open","ping_status":"open","sticky":false,"template":"","format":"standard","meta":{"footnotes":""},"categories":[1],"tags":[],"class_list":["post-47088","post","type-post","status-publish","format-standard","has-post-thumbnail","hentry","category-sem-categoria"],"_links":{"self":[{"href":"http:\/\/sol.fm.br\/radio\/wp-json\/wp\/v2\/posts\/47088","targetHints":{"allow":["GET"]}}],"collection":[{"href":"http:\/\/sol.fm.br\/radio\/wp-json\/wp\/v2\/posts"}],"about":[{"href":"http:\/\/sol.fm.br\/radio\/wp-json\/wp\/v2\/types\/post"}],"author":[{"embeddable":true,"href":"http:\/\/sol.fm.br\/radio\/wp-json\/wp\/v2\/users\/4"}],"replies":[{"embeddable":true,"href":"http:\/\/sol.fm.br\/radio\/wp-json\/wp\/v2\/comments?post=47088"}],"version-history":[{"count":1,"href":"http:\/\/sol.fm.br\/radio\/wp-json\/wp\/v2\/posts\/47088\/revisions"}],"predecessor-version":[{"id":47090,"href":"http:\/\/sol.fm.br\/radio\/wp-json\/wp\/v2\/posts\/47088\/revisions\/47090"}],"wp:featuredmedia":[{"embeddable":true,"href":"http:\/\/sol.fm.br\/radio\/wp-json\/wp\/v2\/media\/47089"}],"wp:attachment":[{"href":"http:\/\/sol.fm.br\/radio\/wp-json\/wp\/v2\/media?parent=47088"}],"wp:term":[{"taxonomy":"category","embeddable":true,"href":"http:\/\/sol.fm.br\/radio\/wp-json\/wp\/v2\/categories?post=47088"},{"taxonomy":"post_tag","embeddable":true,"href":"http:\/\/sol.fm.br\/radio\/wp-json\/wp\/v2\/tags?post=47088"}],"curies":[{"name":"wp","href":"https:\/\/api.w.org\/{rel}","templated":true}]}}