{"id":47097,"date":"2022-04-20T10:20:46","date_gmt":"2022-04-20T13:20:46","guid":{"rendered":"http:\/\/sol.fm.br\/radio\/?p=47097"},"modified":"2022-04-20T10:22:49","modified_gmt":"2022-04-20T13:22:49","slug":"47097-2","status":"publish","type":"post","link":"http:\/\/sol.fm.br\/radio\/47097-2\/","title":{"rendered":"Governo Federal reduz impostos, alivia o bolso dos brasileiros e aquece a economia"},"content":{"rendered":"<div id=\"dslc-theme-content\"><div id=\"dslc-theme-content-inner\"><div class=\"x_ydp54e682ecyiv7839590779elementToProof\"><a title=\"https:\/\/www.gov.br\/secretariageral\/pt-br\/noticias\/2022\/abril\/decreto-promove-reducao-geral-das-aliquotas-dos-produtos-classificados-nos-codigos-relacionados-na-tabela-de-incidencia-do-imposto-sobre-produtos-industrializados\" href=\"https:\/\/www.gov.br\/secretariageral\/pt-br\/noticias\/2022\/abril\/decreto-promove-reducao-geral-das-aliquotas-dos-produtos-classificados-nos-codigos-relacionados-na-tabela-de-incidencia-do-imposto-sobre-produtos-industrializados\" target=\"_blank\" rel=\"nofollow noopener noreferrer\" data-auth=\"NotApplicable\" data-linkindex=\"0\">Desde o in\u00edcio da gest\u00e3o, o Governo Federal, fazendo a sua parte, reduziu e at\u00e9 zerou impostos de diversos itens\u00a0<\/a><\/div>\n<div><\/div>\n<div class=\"x_ydp54e682ecyiv7839590779x_elementToProof\">O Governo Federal tem sido respons\u00e1vel por redu\u00e7\u00f5es hist\u00f3ricas de impostos. Foram assinados in\u00fameros decretos que possibilitaram essas diminui\u00e7\u00f5es. A iniciativa tem sempre o objetivo de estimular a produ\u00e7\u00e3o industrial, aquecer a economia, incentivar o consumo e gerar empregos.<\/div>\n<div><\/div>\n<div>A redu\u00e7\u00e3o nos impostos atingiu diversos setores, como produtos da cesta b\u00e1sica, g\u00e1s de cozinha, etanol, diesel, medicamentos, eletrodom\u00e9sticos, itens de combate \u00e0 Covid 19 e autom\u00f3veis.<\/div>\n<div><\/div>\n<div>Na \u00faltima quinta-feira (14\/04\/2022), o Governo Federal reduziu, mais uma vez, em 25% a al\u00edquota do Imposto sobre Produtos Industrializados (IPI). A taxa incide sobre produtos da ind\u00fastria nacional, como carros e eletrodom\u00e9sticos da linha branca.<\/div>\n<div><\/div>\n<div>\u00c9 o Governo Federal fazendo a sua parte na retomada da economia e estimulando a gera\u00e7\u00e3o de empregos.<\/div>\n<div>Um Governo que cuida do povo brasileiro!<\/div>\n<hr \/>\n<h6><strong>Governo Federal\u00a0<\/strong><\/h6>\n<p><center><iframe loading=\"lazy\" class=\"jmvplayer\" src=\"https:\/\/player.jmvstream.com\/lvw\/YYGWo5wfZuZ8fEW7Qoq1ISwhLSEDhU\" width=\"640\" height=\"360\" frameborder=\"0\" allowfullscreen=\"allowfullscreen\"><\/iframe><\/center><\/p>\n<h6><\/h6>\n<\/div><\/div>","protected":false},"excerpt":{"rendered":"<p>Desde o in\u00edcio da gest\u00e3o, o Governo Federal, fazendo a sua parte, reduziu e at\u00e9 zerou impostos de diversos itens\u00a0 O Governo Federal tem sido respons\u00e1vel por redu\u00e7\u00f5es hist\u00f3ricas de impostos. Foram assinados in\u00fameros decretos que possibilitaram essas diminui\u00e7\u00f5es. A iniciativa tem sempre o objetivo de estimular a produ\u00e7\u00e3o industrial, aquecer a economia, incentivar o [&hellip;]<\/p>\n","protected":false},"author":4,"featured_media":47098,"comment_status":"open","ping_status":"open","sticky":false,"template":"","format":"standard","meta":{"footnotes":""},"categories":[1],"tags":[],"class_list":["post-47097","post","type-post","status-publish","format-standard","has-post-thumbnail","hentry","category-sem-categoria"],"_links":{"self":[{"href":"http:\/\/sol.fm.br\/radio\/wp-json\/wp\/v2\/posts\/47097","targetHints":{"allow":["GET"]}}],"collection":[{"href":"http:\/\/sol.fm.br\/radio\/wp-json\/wp\/v2\/posts"}],"about":[{"href":"http:\/\/sol.fm.br\/radio\/wp-json\/wp\/v2\/types\/post"}],"author":[{"embeddable":true,"href":"http:\/\/sol.fm.br\/radio\/wp-json\/wp\/v2\/users\/4"}],"replies":[{"embeddable":true,"href":"http:\/\/sol.fm.br\/radio\/wp-json\/wp\/v2\/comments?post=47097"}],"version-history":[{"count":3,"href":"http:\/\/sol.fm.br\/radio\/wp-json\/wp\/v2\/posts\/47097\/revisions"}],"predecessor-version":[{"id":47101,"href":"http:\/\/sol.fm.br\/radio\/wp-json\/wp\/v2\/posts\/47097\/revisions\/47101"}],"wp:featuredmedia":[{"embeddable":true,"href":"http:\/\/sol.fm.br\/radio\/wp-json\/wp\/v2\/media\/47098"}],"wp:attachment":[{"href":"http:\/\/sol.fm.br\/radio\/wp-json\/wp\/v2\/media?parent=47097"}],"wp:term":[{"taxonomy":"category","embeddable":true,"href":"http:\/\/sol.fm.br\/radio\/wp-json\/wp\/v2\/categories?post=47097"},{"taxonomy":"post_tag","embeddable":true,"href":"http:\/\/sol.fm.br\/radio\/wp-json\/wp\/v2\/tags?post=47097"}],"curies":[{"name":"wp","href":"https:\/\/api.w.org\/{rel}","templated":true}]}}