{"id":47102,"date":"2022-04-20T10:29:20","date_gmt":"2022-04-20T13:29:20","guid":{"rendered":"http:\/\/sol.fm.br\/radio\/?p=47102"},"modified":"2022-04-20T10:29:20","modified_gmt":"2022-04-20T13:29:20","slug":"feira-de-talentos-contrate-me-reune-oportunidades-para-empresas-e-profissionais","status":"publish","type":"post","link":"http:\/\/sol.fm.br\/radio\/feira-de-talentos-contrate-me-reune-oportunidades-para-empresas-e-profissionais\/","title":{"rendered":"Feira de Talentos Contrate-me re\u00fane oportunidades para empresas e profissionais"},"content":{"rendered":"<div id=\"dslc-theme-content\"><div id=\"dslc-theme-content-inner\"><p><i>Evento on-line ocorre de 3 a 5 de maio<\/i><\/p>\n<p class=\"v1MsoNormal\">A Feira de Talentos Contrate-me, 100% on-line e gratuita, reunir\u00e1, de 3 a 5 de maio, empresas e profissionais, com oportunidades de trabalho. Promovida pelo Servi\u00e7o Nacional de Aprendizagem Industrial (Senai), a feira facilitar\u00e1 a capta\u00e7\u00e3o de curr\u00edculos para as diversas vagas dos diversos setores da ind\u00fastria. At\u00e9 30 organiza\u00e7\u00f5es de diferentes setores e de todas as regi\u00f5es do pa\u00eds estar\u00e3o oferecendo vagas de empregos e est\u00e1gios. Al\u00e9m disso, haver\u00e1 palestras ao vivo com orienta\u00e7\u00f5es profissionais e informa\u00e7\u00f5es de cursos do Senai.<\/p>\n<p class=\"v1MsoNormal\">Com a ajuda da intelig\u00eancia artificial, a plataforma Contrate.me promove o encontro entre os profissionais interessados e as oportunidades compat\u00edveis com seu perfil. A solu\u00e7\u00e3o realiza uma an\u00e1lise das compet\u00eancias t\u00e9cnicas e socioemocionais dos interessados e cruza esses dados com as necessidades de grandes empresas.<\/p>\n<p class=\"v1MsoNormal\">Para divulgar o curr\u00edculo no Contrate.me e estar apto para concorrer \u00e0s vagas da feira, o candidato pode realizar o seu cadastro no seguinte link:\u00a0<a href=\"https:\/\/www.mundosenai.com.br\/trabalho\/vagas-de-emprego\/\" target=\"_blank\" rel=\"noopener noreferrer\">https:\/\/www.mundosenai.com.br\/trabalho\/vagas-de-emprego\/<\/a><\/p>\n<p class=\"v1MsoNormal\">Para participar da feira e das palestras, no per\u00edodo citado, acesse a landing page do evento: senai.br\/feiracontrateme<\/p>\n<hr \/>\n<h6><strong>Unidade de Comunica\u00e7\u00e3o do Sistema FIERGS\u00a0<\/strong><\/h6>\n<p><center><iframe loading=\"lazy\" class=\"jmvplayer\" src=\"https:\/\/player.jmvstream.com\/lvw\/YYGWo5wfZuZ8fEW7Qoq1ISwhLSEDhU\" width=\"640\" height=\"360\" frameborder=\"0\" allowfullscreen=\"allowfullscreen\"><\/iframe><\/center><\/p>\n<h6><\/h6>\n<\/div><\/div>","protected":false},"excerpt":{"rendered":"<p>Evento on-line ocorre de 3 a 5 de maio A Feira de Talentos Contrate-me, 100% on-line e gratuita, reunir\u00e1, de 3 a 5 de maio, empresas e profissionais, com oportunidades de trabalho. Promovida pelo Servi\u00e7o Nacional de Aprendizagem Industrial (Senai), a feira facilitar\u00e1 a capta\u00e7\u00e3o de curr\u00edculos para as diversas vagas dos diversos setores da [&hellip;]<\/p>\n","protected":false},"author":4,"featured_media":47103,"comment_status":"open","ping_status":"open","sticky":false,"template":"","format":"standard","meta":{"footnotes":""},"categories":[1],"tags":[],"class_list":["post-47102","post","type-post","status-publish","format-standard","has-post-thumbnail","hentry","category-sem-categoria"],"_links":{"self":[{"href":"http:\/\/sol.fm.br\/radio\/wp-json\/wp\/v2\/posts\/47102","targetHints":{"allow":["GET"]}}],"collection":[{"href":"http:\/\/sol.fm.br\/radio\/wp-json\/wp\/v2\/posts"}],"about":[{"href":"http:\/\/sol.fm.br\/radio\/wp-json\/wp\/v2\/types\/post"}],"author":[{"embeddable":true,"href":"http:\/\/sol.fm.br\/radio\/wp-json\/wp\/v2\/users\/4"}],"replies":[{"embeddable":true,"href":"http:\/\/sol.fm.br\/radio\/wp-json\/wp\/v2\/comments?post=47102"}],"version-history":[{"count":1,"href":"http:\/\/sol.fm.br\/radio\/wp-json\/wp\/v2\/posts\/47102\/revisions"}],"predecessor-version":[{"id":47104,"href":"http:\/\/sol.fm.br\/radio\/wp-json\/wp\/v2\/posts\/47102\/revisions\/47104"}],"wp:featuredmedia":[{"embeddable":true,"href":"http:\/\/sol.fm.br\/radio\/wp-json\/wp\/v2\/media\/47103"}],"wp:attachment":[{"href":"http:\/\/sol.fm.br\/radio\/wp-json\/wp\/v2\/media?parent=47102"}],"wp:term":[{"taxonomy":"category","embeddable":true,"href":"http:\/\/sol.fm.br\/radio\/wp-json\/wp\/v2\/categories?post=47102"},{"taxonomy":"post_tag","embeddable":true,"href":"http:\/\/sol.fm.br\/radio\/wp-json\/wp\/v2\/tags?post=47102"}],"curies":[{"name":"wp","href":"https:\/\/api.w.org\/{rel}","templated":true}]}}